{"id":1044,"date":"2022-10-12T11:43:13","date_gmt":"2022-10-12T09:43:13","guid":{"rendered":"https:\/\/www.crpmna.fr\/?p=1044"},"modified":"2025-09-12T17:17:26","modified_gmt":"2025-09-12T15:17:26","slug":"championnats-deurope-de-biathle-triathle","status":"publish","type":"post","link":"https:\/\/www.crpmna.fr\/index.php\/2022\/10\/12\/championnats-deurope-de-biathle-triathle\/","title":{"rendered":"Championnats d&rsquo;Europe de Biathle\/Triathle"},"content":{"rendered":"\n<p>Bravo \u00e0 S\u00e9bastien BARDET, du club Le Barp \/ Val de l&rsquo;Eyre Pentathlon Moderne, pour avoir dignement repr\u00e9sent\u00e9 la r\u00e9gion Nouvelle-Aquitaine lors de ces championnats d&rsquo;Europe.<\/p>\n\n\n\n<p>S\u00e9bastien rentre avec 6 m\u00e9dailles. <\/p>\n\n\n\n<p>Champion d&rsquo;Europe :<img decoding=\"async\" alt=\"\ud83e\udd47\" src=\"https:\/\/static.xx.fbcdn.net\/images\/emoji.php\/v9\/t94\/1\/16\/1f947.png\" width=\"16\" height=\"16\"><img decoding=\"async\" alt=\"\ud83e\udd47\" src=\"https:\/\/static.xx.fbcdn.net\/images\/emoji.php\/v9\/t94\/1\/16\/1f947.png\" width=\"16\" height=\"16\"><img decoding=\"async\" alt=\"\ud83e\udd47\" src=\"https:\/\/static.xx.fbcdn.net\/images\/emoji.php\/v9\/t94\/1\/16\/1f947.png\" width=\"16\" height=\"16\"><\/p>\n\n\n\n<ul class=\"wp-block-list\"><li>Par \u00e9quipe en TRIATHLE (natation tir course)<\/li><li>Par \u00e9quipe en LASER-RUN.<\/li><li>En relais mixte en TRIATHLE  (natation tir course).<\/li><\/ul>\n\n\n\n<p>Vice-champion d&rsquo;Europe<img decoding=\"async\" src=\"https:\/\/static.xx.fbcdn.net\/images\/emoji.php\/v9\/t15\/1\/16\/1f948.png\" alt=\"\ud83e\udd48\" width=\"16\" height=\"16\"> en relais mixte TRIATHLE.<\/p>\n\n\n\n<p>Vice-champion d&rsquo;Europe <img decoding=\"async\" src=\"https:\/\/static.xx.fbcdn.net\/images\/emoji.php\/v9\/t15\/1\/16\/1f948.png\" alt=\"\ud83e\udd48\" width=\"16\" height=\"16\"> en individuel TRIATHLE.<\/p>\n\n\n\n<p>Et m\u00e9daill\u00e9 de bronze <img decoding=\"async\" src=\"https:\/\/static.xx.fbcdn.net\/images\/emoji.php\/v9\/t96\/1\/16\/1f949.png\" alt=\"\ud83e\udd49\" width=\"16\" height=\"16\"> en individuel LASER-RUN.<\/p>\n\n\n\n<figure class=\"wp-block-gallery has-nested-images columns-default is-cropped wp-block-gallery-1 is-layout-flex wp-block-gallery-is-layout-flex\">\n<figure class=\"wp-block-image size-large\"><img decoding=\"async\" width=\"1024\" height=\"768\" data-id=\"1046\" src=\"https:\/\/www.crpmna.fr\/wp-content\/uploads\/2022\/10\/310670243_531208719010158_3258411906595741420_n-1024x768.jpg\" alt=\"\" class=\"wp-image-1046\" srcset=\"https:\/\/www.crpmna.fr\/wp-content\/uploads\/2022\/10\/310670243_531208719010158_3258411906595741420_n-1024x768.jpg 1024w, https:\/\/www.crpmna.fr\/wp-content\/uploads\/2022\/10\/310670243_531208719010158_3258411906595741420_n-300x225.jpg 300w, https:\/\/www.crpmna.fr\/wp-content\/uploads\/2022\/10\/310670243_531208719010158_3258411906595741420_n-768x576.jpg 768w, https:\/\/www.crpmna.fr\/wp-content\/uploads\/2022\/10\/310670243_531208719010158_3258411906595741420_n-1536x1152.jpg 1536w, https:\/\/www.crpmna.fr\/wp-content\/uploads\/2022\/10\/310670243_531208719010158_3258411906595741420_n.jpg 1600w\" sizes=\"(max-width: 1024px) 100vw, 1024px\" \/><\/figure>\n\n\n\n<figure class=\"wp-block-image size-large\"><img decoding=\"async\" width=\"749\" height=\"1017\" data-id=\"1047\" src=\"https:\/\/www.crpmna.fr\/wp-content\/uploads\/2022\/10\/309548390_531208629010167_6215309653676234415_n.jpg\" alt=\"\" class=\"wp-image-1047\" srcset=\"https:\/\/www.crpmna.fr\/wp-content\/uploads\/2022\/10\/309548390_531208629010167_6215309653676234415_n.jpg 749w, https:\/\/www.crpmna.fr\/wp-content\/uploads\/2022\/10\/309548390_531208629010167_6215309653676234415_n-221x300.jpg 221w\" sizes=\"(max-width: 749px) 100vw, 749px\" \/><\/figure>\n<\/figure>\n","protected":false},"excerpt":{"rendered":"<p>Bravo \u00e0 S\u00e9bastien BARDET, du club Le Barp \/ Val de l&rsquo;Eyre Pentathlon Moderne, pour avoir dignement repr\u00e9sent\u00e9 la r\u00e9gion<\/p>\n","protected":false},"author":2,"featured_media":1045,"comment_status":"closed","ping_status":"closed","sticky":false,"template":"","format":"standard","meta":{"colormag_page_container_layout":"default_layout","colormag_page_sidebar_layout":"default_layout","advgb_blocks_editor_width":"","advgb_blocks_columns_visual_guide":"","ngg_post_thumbnail":0,"footnotes":""},"categories":[3,9,4],"tags":[],"class_list":["post-1044","post","type-post","status-publish","format-standard","has-post-thumbnail","hentry","category-club","category-competitions","category-recompense"],"yoast_head":"<!-- This site is optimized with the Yoast SEO plugin v27.5 - https:\/\/yoast.com\/product\/yoast-seo-wordpress\/ -->\n<title>Championnats d&#039;Europe de Biathle\/Triathle - CRPMNA<\/title>\n<meta name=\"description\" content=\"Bravo \u00e0 S\u00e9bastien BARDET, du club Le Barp, pour avoir dignement repr\u00e9sent\u00e9 la r\u00e9gion Nouvelle-Aquitaine lors de ces championnats d&#039;Europe.\" \/>\n<meta name=\"robots\" content=\"index, follow, max-snippet:-1, max-image-preview:large, max-video-preview:-1\" \/>\n<link rel=\"canonical\" href=\"https:\/\/www.crpmna.fr\/index.php\/2022\/10\/12\/championnats-deurope-de-biathle-triathle\/\" \/>\n<meta property=\"og:locale\" content=\"fr_FR\" \/>\n<meta property=\"og:type\" content=\"article\" \/>\n<meta property=\"og:title\" content=\"Championnats d&#039;Europe de Biathle\/Triathle - CRPMNA\" \/>\n<meta property=\"og:description\" content=\"Bravo \u00e0 S\u00e9bastien BARDET, du club Le Barp, pour avoir dignement repr\u00e9sent\u00e9 la r\u00e9gion Nouvelle-Aquitaine lors de ces championnats d&#039;Europe.\" \/>\n<meta property=\"og:url\" content=\"https:\/\/www.crpmna.fr\/index.php\/2022\/10\/12\/championnats-deurope-de-biathle-triathle\/\" \/>\n<meta property=\"og:site_name\" content=\"CRPMNA\" \/>\n<meta property=\"article:publisher\" content=\"https:\/\/www.facebook.com\/crpmna.fr\" \/>\n<meta property=\"article:published_time\" content=\"2022-10-12T09:43:13+00:00\" \/>\n<meta property=\"article:modified_time\" content=\"2025-09-12T15:17:26+00:00\" \/>\n<meta property=\"og:image\" content=\"https:\/\/www.crpmna.fr\/wp-content\/uploads\/2022\/10\/310428482_531208742343489_2381098461424904620_n.jpg\" \/>\n\t<meta property=\"og:image:width\" content=\"1600\" \/>\n\t<meta property=\"og:image:height\" content=\"1200\" \/>\n\t<meta property=\"og:image:type\" content=\"image\/jpeg\" \/>\n<meta name=\"author\" content=\"fabienne CELLE\" \/>\n<meta name=\"twitter:card\" content=\"summary_large_image\" \/>\n<meta name=\"twitter:label1\" content=\"\u00c9crit par\" \/>\n\t<meta name=\"twitter:data1\" content=\"fabienne CELLE\" \/>\n\t<meta name=\"twitter:label2\" content=\"Dur\u00e9e de lecture estim\u00e9e\" \/>\n\t<meta name=\"twitter:data2\" content=\"3 minutes\" \/>\n<script type=\"application\/ld+json\" class=\"yoast-schema-graph\">{\"@context\":\"https:\\\/\\\/schema.org\",\"@graph\":[{\"@type\":\"Article\",\"@id\":\"https:\\\/\\\/www.crpmna.fr\\\/index.php\\\/2022\\\/10\\\/12\\\/championnats-deurope-de-biathle-triathle\\\/#article\",\"isPartOf\":{\"@id\":\"https:\\\/\\\/www.crpmna.fr\\\/index.php\\\/2022\\\/10\\\/12\\\/championnats-deurope-de-biathle-triathle\\\/\"},\"author\":{\"name\":\"fabienne CELLE\",\"@id\":\"https:\\\/\\\/www.crpmna.fr\\\/#\\\/schema\\\/person\\\/5c04691570c0db749b37a4d156f324d7\"},\"headline\":\"Championnats d&rsquo;Europe de Biathle\\\/Triathle\",\"datePublished\":\"2022-10-12T09:43:13+00:00\",\"dateModified\":\"2025-09-12T15:17:26+00:00\",\"mainEntityOfPage\":{\"@id\":\"https:\\\/\\\/www.crpmna.fr\\\/index.php\\\/2022\\\/10\\\/12\\\/championnats-deurope-de-biathle-triathle\\\/\"},\"wordCount\":84,\"publisher\":{\"@id\":\"https:\\\/\\\/www.crpmna.fr\\\/#organization\"},\"image\":{\"@id\":\"https:\\\/\\\/www.crpmna.fr\\\/index.php\\\/2022\\\/10\\\/12\\\/championnats-deurope-de-biathle-triathle\\\/#primaryimage\"},\"thumbnailUrl\":\"https:\\\/\\\/www.crpmna.fr\\\/wp-content\\\/uploads\\\/2022\\\/10\\\/310428482_531208742343489_2381098461424904620_n.jpg\",\"articleSection\":[\"Club\",\"Comp\u00e9titions\",\"R\u00e9compense\"],\"inLanguage\":\"fr-FR\"},{\"@type\":\"WebPage\",\"@id\":\"https:\\\/\\\/www.crpmna.fr\\\/index.php\\\/2022\\\/10\\\/12\\\/championnats-deurope-de-biathle-triathle\\\/\",\"url\":\"https:\\\/\\\/www.crpmna.fr\\\/index.php\\\/2022\\\/10\\\/12\\\/championnats-deurope-de-biathle-triathle\\\/\",\"name\":\"Championnats d'Europe de Biathle\\\/Triathle - CRPMNA\",\"isPartOf\":{\"@id\":\"https:\\\/\\\/www.crpmna.fr\\\/#website\"},\"primaryImageOfPage\":{\"@id\":\"https:\\\/\\\/www.crpmna.fr\\\/index.php\\\/2022\\\/10\\\/12\\\/championnats-deurope-de-biathle-triathle\\\/#primaryimage\"},\"image\":{\"@id\":\"https:\\\/\\\/www.crpmna.fr\\\/index.php\\\/2022\\\/10\\\/12\\\/championnats-deurope-de-biathle-triathle\\\/#primaryimage\"},\"thumbnailUrl\":\"https:\\\/\\\/www.crpmna.fr\\\/wp-content\\\/uploads\\\/2022\\\/10\\\/310428482_531208742343489_2381098461424904620_n.jpg\",\"datePublished\":\"2022-10-12T09:43:13+00:00\",\"dateModified\":\"2025-09-12T15:17:26+00:00\",\"description\":\"Bravo \u00e0 S\u00e9bastien BARDET, du club Le Barp, pour avoir dignement repr\u00e9sent\u00e9 la r\u00e9gion Nouvelle-Aquitaine lors de ces championnats d'Europe.\",\"breadcrumb\":{\"@id\":\"https:\\\/\\\/www.crpmna.fr\\\/index.php\\\/2022\\\/10\\\/12\\\/championnats-deurope-de-biathle-triathle\\\/#breadcrumb\"},\"inLanguage\":\"fr-FR\",\"potentialAction\":[{\"@type\":\"ReadAction\",\"target\":[\"https:\\\/\\\/www.crpmna.fr\\\/index.php\\\/2022\\\/10\\\/12\\\/championnats-deurope-de-biathle-triathle\\\/\"]}]},{\"@type\":\"ImageObject\",\"inLanguage\":\"fr-FR\",\"@id\":\"https:\\\/\\\/www.crpmna.fr\\\/index.php\\\/2022\\\/10\\\/12\\\/championnats-deurope-de-biathle-triathle\\\/#primaryimage\",\"url\":\"https:\\\/\\\/www.crpmna.fr\\\/wp-content\\\/uploads\\\/2022\\\/10\\\/310428482_531208742343489_2381098461424904620_n.jpg\",\"contentUrl\":\"https:\\\/\\\/www.crpmna.fr\\\/wp-content\\\/uploads\\\/2022\\\/10\\\/310428482_531208742343489_2381098461424904620_n.jpg\",\"width\":1600,\"height\":1200},{\"@type\":\"BreadcrumbList\",\"@id\":\"https:\\\/\\\/www.crpmna.fr\\\/index.php\\\/2022\\\/10\\\/12\\\/championnats-deurope-de-biathle-triathle\\\/#breadcrumb\",\"itemListElement\":[{\"@type\":\"ListItem\",\"position\":1,\"name\":\"Home\",\"item\":\"https:\\\/\\\/www.crpmna.fr\\\/\"},{\"@type\":\"ListItem\",\"position\":2,\"name\":\"Championnats d&rsquo;Europe de Biathle\\\/Triathle\"}]},{\"@type\":\"WebSite\",\"@id\":\"https:\\\/\\\/www.crpmna.fr\\\/#website\",\"url\":\"https:\\\/\\\/www.crpmna.fr\\\/\",\"name\":\"CRPMNA\",\"description\":\"Organiser et d\u00e9velopper la pratique du pentathlon moderne en Nouvelle Aquitaine\",\"publisher\":{\"@id\":\"https:\\\/\\\/www.crpmna.fr\\\/#organization\"},\"alternateName\":\"Comit\u00e9 R\u00e9gional de Pentathlon Moderne de Nouvelle-Aquitaine\",\"potentialAction\":[{\"@type\":\"SearchAction\",\"target\":{\"@type\":\"EntryPoint\",\"urlTemplate\":\"https:\\\/\\\/www.crpmna.fr\\\/?s={search_term_string}\"},\"query-input\":{\"@type\":\"PropertyValueSpecification\",\"valueRequired\":true,\"valueName\":\"search_term_string\"}}],\"inLanguage\":\"fr-FR\"},{\"@type\":\"Organization\",\"@id\":\"https:\\\/\\\/www.crpmna.fr\\\/#organization\",\"name\":\"CRPMNA\",\"alternateName\":\"Comit\u00e9 R\u00e9gional de Pentathlon Moderne de Nouvelle-Aquitaine\",\"url\":\"https:\\\/\\\/www.crpmna.fr\\\/\",\"logo\":{\"@type\":\"ImageObject\",\"inLanguage\":\"fr-FR\",\"@id\":\"https:\\\/\\\/www.crpmna.fr\\\/#\\\/schema\\\/logo\\\/image\\\/\",\"url\":\"https:\\\/\\\/www.crpmna.fr\\\/wp-content\\\/uploads\\\/2023\\\/10\\\/Logo-CRPMNA-noir-sans-fond.png\",\"contentUrl\":\"https:\\\/\\\/www.crpmna.fr\\\/wp-content\\\/uploads\\\/2023\\\/10\\\/Logo-CRPMNA-noir-sans-fond.png\",\"width\":2364,\"height\":2363,\"caption\":\"CRPMNA\"},\"image\":{\"@id\":\"https:\\\/\\\/www.crpmna.fr\\\/#\\\/schema\\\/logo\\\/image\\\/\"},\"sameAs\":[\"https:\\\/\\\/www.facebook.com\\\/crpmna.fr\",\"https:\\\/\\\/www.instagram.com\\\/crpmna\\\/\",\"https:\\\/\\\/www.youtube.com\\\/channel\\\/UCsnwnBbuM8lu46ibC6H2jEA\",\"https:\\\/\\\/www.linkedin.com\\\/company\\\/89200652\\\/admin\\\/\"]},{\"@type\":\"Person\",\"@id\":\"https:\\\/\\\/www.crpmna.fr\\\/#\\\/schema\\\/person\\\/5c04691570c0db749b37a4d156f324d7\",\"name\":\"fabienne CELLE\",\"image\":{\"@type\":\"ImageObject\",\"inLanguage\":\"fr-FR\",\"@id\":\"https:\\\/\\\/secure.gravatar.com\\\/avatar\\\/cc75ce4b0a15b043a20ce2e99bc72f20e15ed375b83dddd01cbf33f771eb33bb?s=96&d=mm&r=g\",\"url\":\"https:\\\/\\\/secure.gravatar.com\\\/avatar\\\/cc75ce4b0a15b043a20ce2e99bc72f20e15ed375b83dddd01cbf33f771eb33bb?s=96&d=mm&r=g\",\"contentUrl\":\"https:\\\/\\\/secure.gravatar.com\\\/avatar\\\/cc75ce4b0a15b043a20ce2e99bc72f20e15ed375b83dddd01cbf33f771eb33bb?s=96&d=mm&r=g\",\"caption\":\"fabienne CELLE\"},\"url\":\"https:\\\/\\\/www.crpmna.fr\\\/index.php\\\/author\\\/fabienne-celle\\\/\"}]}<\/script>\n<!-- \/ Yoast SEO plugin. -->","yoast_head_json":{"title":"Championnats d'Europe de Biathle\/Triathle - CRPMNA","description":"Bravo \u00e0 S\u00e9bastien BARDET, du club Le Barp, pour avoir dignement repr\u00e9sent\u00e9 la r\u00e9gion Nouvelle-Aquitaine lors de ces championnats d'Europe.","robots":{"index":"index","follow":"follow","max-snippet":"max-snippet:-1","max-image-preview":"max-image-preview:large","max-video-preview":"max-video-preview:-1"},"canonical":"https:\/\/www.crpmna.fr\/index.php\/2022\/10\/12\/championnats-deurope-de-biathle-triathle\/","og_locale":"fr_FR","og_type":"article","og_title":"Championnats d'Europe de Biathle\/Triathle - CRPMNA","og_description":"Bravo \u00e0 S\u00e9bastien BARDET, du club Le Barp, pour avoir dignement repr\u00e9sent\u00e9 la r\u00e9gion Nouvelle-Aquitaine lors de ces championnats d'Europe.","og_url":"https:\/\/www.crpmna.fr\/index.php\/2022\/10\/12\/championnats-deurope-de-biathle-triathle\/","og_site_name":"CRPMNA","article_publisher":"https:\/\/www.facebook.com\/crpmna.fr","article_published_time":"2022-10-12T09:43:13+00:00","article_modified_time":"2025-09-12T15:17:26+00:00","og_image":[{"width":1600,"height":1200,"url":"https:\/\/www.crpmna.fr\/wp-content\/uploads\/2022\/10\/310428482_531208742343489_2381098461424904620_n.jpg","type":"image\/jpeg"}],"author":"fabienne CELLE","twitter_card":"summary_large_image","twitter_misc":{"\u00c9crit par":"fabienne CELLE","Dur\u00e9e de lecture estim\u00e9e":"3 minutes"},"schema":{"@context":"https:\/\/schema.org","@graph":[{"@type":"Article","@id":"https:\/\/www.crpmna.fr\/index.php\/2022\/10\/12\/championnats-deurope-de-biathle-triathle\/#article","isPartOf":{"@id":"https:\/\/www.crpmna.fr\/index.php\/2022\/10\/12\/championnats-deurope-de-biathle-triathle\/"},"author":{"name":"fabienne CELLE","@id":"https:\/\/www.crpmna.fr\/#\/schema\/person\/5c04691570c0db749b37a4d156f324d7"},"headline":"Championnats d&rsquo;Europe de Biathle\/Triathle","datePublished":"2022-10-12T09:43:13+00:00","dateModified":"2025-09-12T15:17:26+00:00","mainEntityOfPage":{"@id":"https:\/\/www.crpmna.fr\/index.php\/2022\/10\/12\/championnats-deurope-de-biathle-triathle\/"},"wordCount":84,"publisher":{"@id":"https:\/\/www.crpmna.fr\/#organization"},"image":{"@id":"https:\/\/www.crpmna.fr\/index.php\/2022\/10\/12\/championnats-deurope-de-biathle-triathle\/#primaryimage"},"thumbnailUrl":"https:\/\/www.crpmna.fr\/wp-content\/uploads\/2022\/10\/310428482_531208742343489_2381098461424904620_n.jpg","articleSection":["Club","Comp\u00e9titions","R\u00e9compense"],"inLanguage":"fr-FR"},{"@type":"WebPage","@id":"https:\/\/www.crpmna.fr\/index.php\/2022\/10\/12\/championnats-deurope-de-biathle-triathle\/","url":"https:\/\/www.crpmna.fr\/index.php\/2022\/10\/12\/championnats-deurope-de-biathle-triathle\/","name":"Championnats d'Europe de Biathle\/Triathle - CRPMNA","isPartOf":{"@id":"https:\/\/www.crpmna.fr\/#website"},"primaryImageOfPage":{"@id":"https:\/\/www.crpmna.fr\/index.php\/2022\/10\/12\/championnats-deurope-de-biathle-triathle\/#primaryimage"},"image":{"@id":"https:\/\/www.crpmna.fr\/index.php\/2022\/10\/12\/championnats-deurope-de-biathle-triathle\/#primaryimage"},"thumbnailUrl":"https:\/\/www.crpmna.fr\/wp-content\/uploads\/2022\/10\/310428482_531208742343489_2381098461424904620_n.jpg","datePublished":"2022-10-12T09:43:13+00:00","dateModified":"2025-09-12T15:17:26+00:00","description":"Bravo \u00e0 S\u00e9bastien BARDET, du club Le Barp, pour avoir dignement repr\u00e9sent\u00e9 la r\u00e9gion Nouvelle-Aquitaine lors de ces championnats d'Europe.","breadcrumb":{"@id":"https:\/\/www.crpmna.fr\/index.php\/2022\/10\/12\/championnats-deurope-de-biathle-triathle\/#breadcrumb"},"inLanguage":"fr-FR","potentialAction":[{"@type":"ReadAction","target":["https:\/\/www.crpmna.fr\/index.php\/2022\/10\/12\/championnats-deurope-de-biathle-triathle\/"]}]},{"@type":"ImageObject","inLanguage":"fr-FR","@id":"https:\/\/www.crpmna.fr\/index.php\/2022\/10\/12\/championnats-deurope-de-biathle-triathle\/#primaryimage","url":"https:\/\/www.crpmna.fr\/wp-content\/uploads\/2022\/10\/310428482_531208742343489_2381098461424904620_n.jpg","contentUrl":"https:\/\/www.crpmna.fr\/wp-content\/uploads\/2022\/10\/310428482_531208742343489_2381098461424904620_n.jpg","width":1600,"height":1200},{"@type":"BreadcrumbList","@id":"https:\/\/www.crpmna.fr\/index.php\/2022\/10\/12\/championnats-deurope-de-biathle-triathle\/#breadcrumb","itemListElement":[{"@type":"ListItem","position":1,"name":"Home","item":"https:\/\/www.crpmna.fr\/"},{"@type":"ListItem","position":2,"name":"Championnats d&rsquo;Europe de Biathle\/Triathle"}]},{"@type":"WebSite","@id":"https:\/\/www.crpmna.fr\/#website","url":"https:\/\/www.crpmna.fr\/","name":"CRPMNA","description":"Organiser et d\u00e9velopper la pratique du pentathlon moderne en Nouvelle Aquitaine","publisher":{"@id":"https:\/\/www.crpmna.fr\/#organization"},"alternateName":"Comit\u00e9 R\u00e9gional de Pentathlon Moderne de Nouvelle-Aquitaine","potentialAction":[{"@type":"SearchAction","target":{"@type":"EntryPoint","urlTemplate":"https:\/\/www.crpmna.fr\/?s={search_term_string}"},"query-input":{"@type":"PropertyValueSpecification","valueRequired":true,"valueName":"search_term_string"}}],"inLanguage":"fr-FR"},{"@type":"Organization","@id":"https:\/\/www.crpmna.fr\/#organization","name":"CRPMNA","alternateName":"Comit\u00e9 R\u00e9gional de Pentathlon Moderne de Nouvelle-Aquitaine","url":"https:\/\/www.crpmna.fr\/","logo":{"@type":"ImageObject","inLanguage":"fr-FR","@id":"https:\/\/www.crpmna.fr\/#\/schema\/logo\/image\/","url":"https:\/\/www.crpmna.fr\/wp-content\/uploads\/2023\/10\/Logo-CRPMNA-noir-sans-fond.png","contentUrl":"https:\/\/www.crpmna.fr\/wp-content\/uploads\/2023\/10\/Logo-CRPMNA-noir-sans-fond.png","width":2364,"height":2363,"caption":"CRPMNA"},"image":{"@id":"https:\/\/www.crpmna.fr\/#\/schema\/logo\/image\/"},"sameAs":["https:\/\/www.facebook.com\/crpmna.fr","https:\/\/www.instagram.com\/crpmna\/","https:\/\/www.youtube.com\/channel\/UCsnwnBbuM8lu46ibC6H2jEA","https:\/\/www.linkedin.com\/company\/89200652\/admin\/"]},{"@type":"Person","@id":"https:\/\/www.crpmna.fr\/#\/schema\/person\/5c04691570c0db749b37a4d156f324d7","name":"fabienne CELLE","image":{"@type":"ImageObject","inLanguage":"fr-FR","@id":"https:\/\/secure.gravatar.com\/avatar\/cc75ce4b0a15b043a20ce2e99bc72f20e15ed375b83dddd01cbf33f771eb33bb?s=96&d=mm&r=g","url":"https:\/\/secure.gravatar.com\/avatar\/cc75ce4b0a15b043a20ce2e99bc72f20e15ed375b83dddd01cbf33f771eb33bb?s=96&d=mm&r=g","contentUrl":"https:\/\/secure.gravatar.com\/avatar\/cc75ce4b0a15b043a20ce2e99bc72f20e15ed375b83dddd01cbf33f771eb33bb?s=96&d=mm&r=g","caption":"fabienne CELLE"},"url":"https:\/\/www.crpmna.fr\/index.php\/author\/fabienne-celle\/"}]}},"author_meta":{"display_name":"fabienne CELLE","author_link":"https:\/\/www.crpmna.fr\/index.php\/author\/fabienne-celle\/"},"featured_img":"https:\/\/www.crpmna.fr\/wp-content\/uploads\/2022\/10\/310428482_531208742343489_2381098461424904620_n-300x225.jpg","coauthors":[],"tax_additional":{"categories":{"linked":["<a href=\"https:\/\/www.crpmna.fr\/index.php\/category\/club\/\" class=\"advgb-post-tax-term\">Club<\/a>","<a href=\"https:\/\/www.crpmna.fr\/index.php\/category\/competitions\/\" class=\"advgb-post-tax-term\">Comp\u00e9titions<\/a>","<a href=\"https:\/\/www.crpmna.fr\/index.php\/category\/recompense\/\" class=\"advgb-post-tax-term\">R\u00e9compense<\/a>"],"unlinked":["<span class=\"advgb-post-tax-term\">Club<\/span>","<span class=\"advgb-post-tax-term\">Comp\u00e9titions<\/span>","<span class=\"advgb-post-tax-term\">R\u00e9compense<\/span>"]}},"comment_count":"0","relative_dates":{"created":"Publi\u00e9 4 ans il y a","modified":"Mis \u00e0 jour 8 mois il y a"},"absolute_dates":{"created":"Publi\u00e9 le 12 octobre 2022","modified":"Mise \u00e0 jour le 12 septembre 2025"},"absolute_dates_time":{"created":"Publi\u00e9 le 12 octobre 2022 11 h 43 min","modified":"Mise \u00e0 jour le 12 septembre 2025 17 h 17 min"},"featured_img_caption":"","series_order":"","_links":{"self":[{"href":"https:\/\/www.crpmna.fr\/index.php\/wp-json\/wp\/v2\/posts\/1044","targetHints":{"allow":["GET"]}}],"collection":[{"href":"https:\/\/www.crpmna.fr\/index.php\/wp-json\/wp\/v2\/posts"}],"about":[{"href":"https:\/\/www.crpmna.fr\/index.php\/wp-json\/wp\/v2\/types\/post"}],"author":[{"embeddable":true,"href":"https:\/\/www.crpmna.fr\/index.php\/wp-json\/wp\/v2\/users\/2"}],"replies":[{"embeddable":true,"href":"https:\/\/www.crpmna.fr\/index.php\/wp-json\/wp\/v2\/comments?post=1044"}],"version-history":[{"count":2,"href":"https:\/\/www.crpmna.fr\/index.php\/wp-json\/wp\/v2\/posts\/1044\/revisions"}],"predecessor-version":[{"id":1050,"href":"https:\/\/www.crpmna.fr\/index.php\/wp-json\/wp\/v2\/posts\/1044\/revisions\/1050"}],"wp:featuredmedia":[{"embeddable":true,"href":"https:\/\/www.crpmna.fr\/index.php\/wp-json\/wp\/v2\/media\/1045"}],"wp:attachment":[{"href":"https:\/\/www.crpmna.fr\/index.php\/wp-json\/wp\/v2\/media?parent=1044"}],"wp:term":[{"taxonomy":"category","embeddable":true,"href":"https:\/\/www.crpmna.fr\/index.php\/wp-json\/wp\/v2\/categories?post=1044"},{"taxonomy":"post_tag","embeddable":true,"href":"https:\/\/www.crpmna.fr\/index.php\/wp-json\/wp\/v2\/tags?post=1044"}],"curies":[{"name":"wp","href":"https:\/\/api.w.org\/{rel}","templated":true}]}}