{"id":1709,"date":"2023-07-31T14:08:32","date_gmt":"2023-07-31T12:08:32","guid":{"rendered":"https:\/\/www.crpmna.fr\/?p=1709"},"modified":"2023-12-06T09:08:52","modified_gmt":"2023-12-06T08:08:52","slug":"mondiaux-u19-a-istanbul","status":"publish","type":"post","link":"https:\/\/www.crpmna.fr\/index.php\/2023\/07\/31\/mondiaux-u19-a-istanbul\/","title":{"rendered":"Mondiaux U19 \u00e0 Istanbul."},"content":{"rendered":"\n<p>Coline Flavin (<a href=\"https:\/\/www.facebook.com\/PolePentaAquitaine?__cft__[0]=AZWb_jtOSLFg0VnQvsd27lF1zTP-ou4kgZoj_TQOfHlt8imvyEooM3AK9qCib7YK93UdD03CyaDJYit6w2A8oEqiSCHxrNfUGROTCsiHjDiYQlCAHtViRpqYoZh2p3_nB0M&amp;__tn__=-]K-R\">P\u00f4le Rel\u00e8ve Pentathlon Moderne Aquitaine<\/a>) a termin\u00e9 5\u00e8me, Mathilde Derval 7\u00e8me, Anouck Toulemonde (<a href=\"https:\/\/www.facebook.com\/PolePentaAquitaine?__cft__[0]=AZWb_jtOSLFg0VnQvsd27lF1zTP-ou4kgZoj_TQOfHlt8imvyEooM3AK9qCib7YK93UdD03CyaDJYit6w2A8oEqiSCHxrNfUGROTCsiHjDiYQlCAHtViRpqYoZh2p3_nB0M&amp;__tn__=-]K-R\">P\u00f4le Rel\u00e8ve Pentathlon Moderne Aquitaine<\/a>) 12\u00e8me, et Agathe Chastagner s\u2019est class\u00e9e 27\u00e8me.<\/p>\n\n\n\n<p>Gr\u00e2ce \u00e0 ces bonnes performances individuelles, l&rsquo;\u00e9quipe f\u00e9minine s&rsquo;est adjuj\u00e9e une belle 3e place par \u00e9quipe.<\/p>\n\n\n\n<p><a><\/a>Etienne Clergeau est devenu champion du monde U19 en individuel.<\/p>\n\n\n\n<p>Karl Fuderer a termin\u00e9 10\u00e8me, Nathan Dupuy-Leriche 12\u00e8me et Florent Schoen s&rsquo;est class\u00e9 15\u00e8me.<\/p>\n\n\n\n<p>Gr\u00e2ce \u00e0 ces performances, l&rsquo;\u00e9quipe masculine a remport\u00e9 la 1\u00e8re place par \u00e9quipe.<\/p>\n\n\n\n<p>Le relais hommes compos\u00e9 de Karl Furderer et Nathan Dupuy-Leriche a remport\u00e9 la m\u00e9daille de bronze.<\/p>\n\n\n\n<p>Coline Flavin (<a href=\"https:\/\/www.facebook.com\/PolePentaAquitaine?__cft__[0]=AZWb_jtOSLFg0VnQvsd27lF1zTP-ou4kgZoj_TQOfHlt8imvyEooM3AK9qCib7YK93UdD03CyaDJYit6w2A8oEqiSCHxrNfUGROTCsiHjDiYQlCAHtViRpqYoZh2p3_nB0M&amp;__tn__=-]K-R\">P\u00f4le Rel\u00e8ve Pentathlon Moderne Aquitaine<\/a>) et \u00c9tienne Clergeau ont remport\u00e9 le relais mixte des Mondiaux U19 dimanche 30\/07\/2023.<\/p>\n\n\n\n<p>La France termine premi\u00e8re nation au classement des m\u00e9dailles avec trois m\u00e9dailles d&rsquo;or et deux de bronze !<\/p>\n\n\n\n<p><strong>F\u00e9licitations<\/strong> \u00e0 tous les athl\u00e8tes et \u00e0 toute l&rsquo;\u00e9quipe qui leur permet de performer ainsi.<\/p>\n\n\n\n<div class=\"wp-block-columns is-layout-flex wp-container-core-columns-is-layout-28f84493 wp-block-columns-is-layout-flex\">\n<div class=\"wp-block-column is-layout-flow wp-block-column-is-layout-flow\">\n<figure class=\"wp-block-image size-full\"><img decoding=\"async\" width=\"489\" height=\"489\" src=\"https:\/\/www.crpmna.fr\/wp-content\/uploads\/2023\/12\/363384889_619025840334570_6464618279985188876_n.jpg\" alt=\"\" class=\"wp-image-2391\" srcset=\"https:\/\/www.crpmna.fr\/wp-content\/uploads\/2023\/12\/363384889_619025840334570_6464618279985188876_n.jpg 489w, https:\/\/www.crpmna.fr\/wp-content\/uploads\/2023\/12\/363384889_619025840334570_6464618279985188876_n-300x300.jpg 300w, https:\/\/www.crpmna.fr\/wp-content\/uploads\/2023\/12\/363384889_619025840334570_6464618279985188876_n-150x150.jpg 150w\" sizes=\"(max-width: 489px) 100vw, 489px\" \/><\/figure>\n<\/div>\n\n\n\n<div class=\"wp-block-column is-layout-flow wp-block-column-is-layout-flow\">\n<figure class=\"wp-block-image size-large\"><img decoding=\"async\" width=\"1024\" height=\"1024\" src=\"https:\/\/www.crpmna.fr\/wp-content\/uploads\/2023\/12\/364082128_619025837001237_872961344944184767_n-1024x1024.jpg\" alt=\"\" class=\"wp-image-2392\" srcset=\"https:\/\/www.crpmna.fr\/wp-content\/uploads\/2023\/12\/364082128_619025837001237_872961344944184767_n-1024x1024.jpg 1024w, https:\/\/www.crpmna.fr\/wp-content\/uploads\/2023\/12\/364082128_619025837001237_872961344944184767_n-300x300.jpg 300w, https:\/\/www.crpmna.fr\/wp-content\/uploads\/2023\/12\/364082128_619025837001237_872961344944184767_n-150x150.jpg 150w, https:\/\/www.crpmna.fr\/wp-content\/uploads\/2023\/12\/364082128_619025837001237_872961344944184767_n-768x768.jpg 768w, https:\/\/www.crpmna.fr\/wp-content\/uploads\/2023\/12\/364082128_619025837001237_872961344944184767_n-1320x1320.jpg 1320w, https:\/\/www.crpmna.fr\/wp-content\/uploads\/2023\/12\/364082128_619025837001237_872961344944184767_n.jpg 1366w\" sizes=\"(max-width: 1024px) 100vw, 1024px\" \/><\/figure>\n<\/div>\n\n\n\n<div class=\"wp-block-column is-layout-flow wp-block-column-is-layout-flow\">\n<figure class=\"wp-block-image size-full\"><img decoding=\"async\" width=\"768\" height=\"768\" src=\"https:\/\/www.crpmna.fr\/wp-content\/uploads\/2023\/12\/364148762_619025843667903_5874782932686476975_n.jpg\" alt=\"\" class=\"wp-image-2394\" srcset=\"https:\/\/www.crpmna.fr\/wp-content\/uploads\/2023\/12\/364148762_619025843667903_5874782932686476975_n.jpg 768w, https:\/\/www.crpmna.fr\/wp-content\/uploads\/2023\/12\/364148762_619025843667903_5874782932686476975_n-300x300.jpg 300w, https:\/\/www.crpmna.fr\/wp-content\/uploads\/2023\/12\/364148762_619025843667903_5874782932686476975_n-150x150.jpg 150w\" sizes=\"(max-width: 768px) 100vw, 768px\" \/><\/figure>\n<\/div>\n<\/div>\n","protected":false},"excerpt":{"rendered":"<p>Coline Flavin (P\u00f4le Rel\u00e8ve Pentathlon Moderne Aquitaine) a termin\u00e9 5\u00e8me, Mathilde Derval 7\u00e8me, Anouck Toulemonde (P\u00f4le Rel\u00e8ve Pentathlon Moderne Aquitaine)<\/p>\n","protected":false},"author":2,"featured_media":2389,"comment_status":"closed","ping_status":"closed","sticky":false,"template":"","format":"standard","meta":{"colormag_page_container_layout":"default_layout","colormag_page_sidebar_layout":"default_layout","advgb_blocks_editor_width":"","advgb_blocks_columns_visual_guide":"","ngg_post_thumbnail":0,"footnotes":""},"categories":[9,23],"tags":[],"class_list":["post-1709","post","type-post","status-publish","format-standard","has-post-thumbnail","hentry","category-competitions","category-pole-france-releve-pentathlon-moderne-nouvelle-aquitaine"],"yoast_head":"<!-- This site is optimized with the Yoast SEO plugin v27.5 - https:\/\/yoast.com\/product\/yoast-seo-wordpress\/ -->\n<title>Mondiaux U19 \u00e0 Istanbul. - CRPMNA<\/title>\n<meta name=\"description\" content=\"Coline Flavin et \u00c9tienne Clergeau ont remport\u00e9 le relais mixte des Mondiaux U19. L&#039;\u00e9quipe f\u00e9minine remporte une belle 3e place par \u00e9quipe.\" \/>\n<meta name=\"robots\" content=\"index, follow, max-snippet:-1, max-image-preview:large, max-video-preview:-1\" \/>\n<link rel=\"canonical\" href=\"https:\/\/www.crpmna.fr\/index.php\/2023\/07\/31\/mondiaux-u19-a-istanbul\/\" \/>\n<meta property=\"og:locale\" content=\"fr_FR\" \/>\n<meta property=\"og:type\" content=\"article\" \/>\n<meta property=\"og:title\" content=\"Mondiaux U19 \u00e0 Istanbul. - CRPMNA\" \/>\n<meta property=\"og:description\" content=\"Coline Flavin et \u00c9tienne Clergeau ont remport\u00e9 le relais mixte des Mondiaux U19. L&#039;\u00e9quipe f\u00e9minine remporte une belle 3e place par \u00e9quipe.\" \/>\n<meta property=\"og:url\" content=\"https:\/\/www.crpmna.fr\/index.php\/2023\/07\/31\/mondiaux-u19-a-istanbul\/\" \/>\n<meta property=\"og:site_name\" content=\"CRPMNA\" \/>\n<meta property=\"article:publisher\" content=\"https:\/\/www.facebook.com\/crpmna.fr\" \/>\n<meta property=\"article:published_time\" content=\"2023-07-31T12:08:32+00:00\" \/>\n<meta property=\"article:modified_time\" content=\"2023-12-06T08:08:52+00:00\" \/>\n<meta property=\"og:image\" content=\"https:\/\/www.crpmna.fr\/wp-content\/uploads\/2023\/07\/365092727_619025847001236_7959987664632486756_n-e1701849689288.jpg\" \/>\n\t<meta property=\"og:image:width\" content=\"1365\" \/>\n\t<meta property=\"og:image:height\" content=\"931\" \/>\n\t<meta property=\"og:image:type\" content=\"image\/jpeg\" \/>\n<meta name=\"author\" content=\"fabienne CELLE\" \/>\n<meta name=\"twitter:card\" content=\"summary_large_image\" \/>\n<meta name=\"twitter:label1\" content=\"\u00c9crit par\" \/>\n\t<meta name=\"twitter:data1\" content=\"fabienne CELLE\" \/>\n\t<meta name=\"twitter:label2\" content=\"Dur\u00e9e de lecture estim\u00e9e\" \/>\n\t<meta name=\"twitter:data2\" content=\"2 minutes\" \/>\n<script type=\"application\/ld+json\" class=\"yoast-schema-graph\">{\"@context\":\"https:\\\/\\\/schema.org\",\"@graph\":[{\"@type\":\"Article\",\"@id\":\"https:\\\/\\\/www.crpmna.fr\\\/index.php\\\/2023\\\/07\\\/31\\\/mondiaux-u19-a-istanbul\\\/#article\",\"isPartOf\":{\"@id\":\"https:\\\/\\\/www.crpmna.fr\\\/index.php\\\/2023\\\/07\\\/31\\\/mondiaux-u19-a-istanbul\\\/\"},\"author\":{\"name\":\"fabienne CELLE\",\"@id\":\"https:\\\/\\\/www.crpmna.fr\\\/#\\\/schema\\\/person\\\/5c04691570c0db749b37a4d156f324d7\"},\"headline\":\"Mondiaux U19 \u00e0 Istanbul.\",\"datePublished\":\"2023-07-31T12:08:32+00:00\",\"dateModified\":\"2023-12-06T08:08:52+00:00\",\"mainEntityOfPage\":{\"@id\":\"https:\\\/\\\/www.crpmna.fr\\\/index.php\\\/2023\\\/07\\\/31\\\/mondiaux-u19-a-istanbul\\\/\"},\"wordCount\":170,\"publisher\":{\"@id\":\"https:\\\/\\\/www.crpmna.fr\\\/#organization\"},\"image\":{\"@id\":\"https:\\\/\\\/www.crpmna.fr\\\/index.php\\\/2023\\\/07\\\/31\\\/mondiaux-u19-a-istanbul\\\/#primaryimage\"},\"thumbnailUrl\":\"https:\\\/\\\/www.crpmna.fr\\\/wp-content\\\/uploads\\\/2023\\\/07\\\/365092727_619025847001236_7959987664632486756_n-e1701849689288.jpg\",\"articleSection\":[\"Comp\u00e9titions\",\"P\u00f4le France Rel\u00e8ve Pentathlon Moderne Nouvelle-Aquitaine\"],\"inLanguage\":\"fr-FR\"},{\"@type\":\"WebPage\",\"@id\":\"https:\\\/\\\/www.crpmna.fr\\\/index.php\\\/2023\\\/07\\\/31\\\/mondiaux-u19-a-istanbul\\\/\",\"url\":\"https:\\\/\\\/www.crpmna.fr\\\/index.php\\\/2023\\\/07\\\/31\\\/mondiaux-u19-a-istanbul\\\/\",\"name\":\"Mondiaux U19 \u00e0 Istanbul. - CRPMNA\",\"isPartOf\":{\"@id\":\"https:\\\/\\\/www.crpmna.fr\\\/#website\"},\"primaryImageOfPage\":{\"@id\":\"https:\\\/\\\/www.crpmna.fr\\\/index.php\\\/2023\\\/07\\\/31\\\/mondiaux-u19-a-istanbul\\\/#primaryimage\"},\"image\":{\"@id\":\"https:\\\/\\\/www.crpmna.fr\\\/index.php\\\/2023\\\/07\\\/31\\\/mondiaux-u19-a-istanbul\\\/#primaryimage\"},\"thumbnailUrl\":\"https:\\\/\\\/www.crpmna.fr\\\/wp-content\\\/uploads\\\/2023\\\/07\\\/365092727_619025847001236_7959987664632486756_n-e1701849689288.jpg\",\"datePublished\":\"2023-07-31T12:08:32+00:00\",\"dateModified\":\"2023-12-06T08:08:52+00:00\",\"description\":\"Coline Flavin et \u00c9tienne Clergeau ont remport\u00e9 le relais mixte des Mondiaux U19. L'\u00e9quipe f\u00e9minine remporte une belle 3e place par \u00e9quipe.\",\"breadcrumb\":{\"@id\":\"https:\\\/\\\/www.crpmna.fr\\\/index.php\\\/2023\\\/07\\\/31\\\/mondiaux-u19-a-istanbul\\\/#breadcrumb\"},\"inLanguage\":\"fr-FR\",\"potentialAction\":[{\"@type\":\"ReadAction\",\"target\":[\"https:\\\/\\\/www.crpmna.fr\\\/index.php\\\/2023\\\/07\\\/31\\\/mondiaux-u19-a-istanbul\\\/\"]}]},{\"@type\":\"ImageObject\",\"inLanguage\":\"fr-FR\",\"@id\":\"https:\\\/\\\/www.crpmna.fr\\\/index.php\\\/2023\\\/07\\\/31\\\/mondiaux-u19-a-istanbul\\\/#primaryimage\",\"url\":\"https:\\\/\\\/www.crpmna.fr\\\/wp-content\\\/uploads\\\/2023\\\/07\\\/365092727_619025847001236_7959987664632486756_n-e1701849689288.jpg\",\"contentUrl\":\"https:\\\/\\\/www.crpmna.fr\\\/wp-content\\\/uploads\\\/2023\\\/07\\\/365092727_619025847001236_7959987664632486756_n-e1701849689288.jpg\",\"width\":1365,\"height\":931},{\"@type\":\"BreadcrumbList\",\"@id\":\"https:\\\/\\\/www.crpmna.fr\\\/index.php\\\/2023\\\/07\\\/31\\\/mondiaux-u19-a-istanbul\\\/#breadcrumb\",\"itemListElement\":[{\"@type\":\"ListItem\",\"position\":1,\"name\":\"Home\",\"item\":\"https:\\\/\\\/www.crpmna.fr\\\/\"},{\"@type\":\"ListItem\",\"position\":2,\"name\":\"Mondiaux U19 \u00e0 Istanbul.\"}]},{\"@type\":\"WebSite\",\"@id\":\"https:\\\/\\\/www.crpmna.fr\\\/#website\",\"url\":\"https:\\\/\\\/www.crpmna.fr\\\/\",\"name\":\"CRPMNA\",\"description\":\"Organiser et d\u00e9velopper la pratique du pentathlon moderne en Nouvelle Aquitaine\",\"publisher\":{\"@id\":\"https:\\\/\\\/www.crpmna.fr\\\/#organization\"},\"alternateName\":\"Comit\u00e9 R\u00e9gional de Pentathlon Moderne de Nouvelle-Aquitaine\",\"potentialAction\":[{\"@type\":\"SearchAction\",\"target\":{\"@type\":\"EntryPoint\",\"urlTemplate\":\"https:\\\/\\\/www.crpmna.fr\\\/?s={search_term_string}\"},\"query-input\":{\"@type\":\"PropertyValueSpecification\",\"valueRequired\":true,\"valueName\":\"search_term_string\"}}],\"inLanguage\":\"fr-FR\"},{\"@type\":\"Organization\",\"@id\":\"https:\\\/\\\/www.crpmna.fr\\\/#organization\",\"name\":\"CRPMNA\",\"alternateName\":\"Comit\u00e9 R\u00e9gional de Pentathlon Moderne de Nouvelle-Aquitaine\",\"url\":\"https:\\\/\\\/www.crpmna.fr\\\/\",\"logo\":{\"@type\":\"ImageObject\",\"inLanguage\":\"fr-FR\",\"@id\":\"https:\\\/\\\/www.crpmna.fr\\\/#\\\/schema\\\/logo\\\/image\\\/\",\"url\":\"https:\\\/\\\/www.crpmna.fr\\\/wp-content\\\/uploads\\\/2023\\\/10\\\/Logo-CRPMNA-noir-sans-fond.png\",\"contentUrl\":\"https:\\\/\\\/www.crpmna.fr\\\/wp-content\\\/uploads\\\/2023\\\/10\\\/Logo-CRPMNA-noir-sans-fond.png\",\"width\":2364,\"height\":2363,\"caption\":\"CRPMNA\"},\"image\":{\"@id\":\"https:\\\/\\\/www.crpmna.fr\\\/#\\\/schema\\\/logo\\\/image\\\/\"},\"sameAs\":[\"https:\\\/\\\/www.facebook.com\\\/crpmna.fr\",\"https:\\\/\\\/www.instagram.com\\\/crpmna\\\/\",\"https:\\\/\\\/www.youtube.com\\\/channel\\\/UCsnwnBbuM8lu46ibC6H2jEA\",\"https:\\\/\\\/www.linkedin.com\\\/company\\\/89200652\\\/admin\\\/\"]},{\"@type\":\"Person\",\"@id\":\"https:\\\/\\\/www.crpmna.fr\\\/#\\\/schema\\\/person\\\/5c04691570c0db749b37a4d156f324d7\",\"name\":\"fabienne CELLE\",\"image\":{\"@type\":\"ImageObject\",\"inLanguage\":\"fr-FR\",\"@id\":\"https:\\\/\\\/secure.gravatar.com\\\/avatar\\\/cc75ce4b0a15b043a20ce2e99bc72f20e15ed375b83dddd01cbf33f771eb33bb?s=96&d=mm&r=g\",\"url\":\"https:\\\/\\\/secure.gravatar.com\\\/avatar\\\/cc75ce4b0a15b043a20ce2e99bc72f20e15ed375b83dddd01cbf33f771eb33bb?s=96&d=mm&r=g\",\"contentUrl\":\"https:\\\/\\\/secure.gravatar.com\\\/avatar\\\/cc75ce4b0a15b043a20ce2e99bc72f20e15ed375b83dddd01cbf33f771eb33bb?s=96&d=mm&r=g\",\"caption\":\"fabienne CELLE\"},\"url\":\"https:\\\/\\\/www.crpmna.fr\\\/index.php\\\/author\\\/fabienne-celle\\\/\"}]}<\/script>\n<!-- \/ Yoast SEO plugin. -->","yoast_head_json":{"title":"Mondiaux U19 \u00e0 Istanbul. - CRPMNA","description":"Coline Flavin et \u00c9tienne Clergeau ont remport\u00e9 le relais mixte des Mondiaux U19. L'\u00e9quipe f\u00e9minine remporte une belle 3e place par \u00e9quipe.","robots":{"index":"index","follow":"follow","max-snippet":"max-snippet:-1","max-image-preview":"max-image-preview:large","max-video-preview":"max-video-preview:-1"},"canonical":"https:\/\/www.crpmna.fr\/index.php\/2023\/07\/31\/mondiaux-u19-a-istanbul\/","og_locale":"fr_FR","og_type":"article","og_title":"Mondiaux U19 \u00e0 Istanbul. - CRPMNA","og_description":"Coline Flavin et \u00c9tienne Clergeau ont remport\u00e9 le relais mixte des Mondiaux U19. L'\u00e9quipe f\u00e9minine remporte une belle 3e place par \u00e9quipe.","og_url":"https:\/\/www.crpmna.fr\/index.php\/2023\/07\/31\/mondiaux-u19-a-istanbul\/","og_site_name":"CRPMNA","article_publisher":"https:\/\/www.facebook.com\/crpmna.fr","article_published_time":"2023-07-31T12:08:32+00:00","article_modified_time":"2023-12-06T08:08:52+00:00","og_image":[{"width":1365,"height":931,"url":"https:\/\/www.crpmna.fr\/wp-content\/uploads\/2023\/07\/365092727_619025847001236_7959987664632486756_n-e1701849689288.jpg","type":"image\/jpeg"}],"author":"fabienne CELLE","twitter_card":"summary_large_image","twitter_misc":{"\u00c9crit par":"fabienne CELLE","Dur\u00e9e de lecture estim\u00e9e":"2 minutes"},"schema":{"@context":"https:\/\/schema.org","@graph":[{"@type":"Article","@id":"https:\/\/www.crpmna.fr\/index.php\/2023\/07\/31\/mondiaux-u19-a-istanbul\/#article","isPartOf":{"@id":"https:\/\/www.crpmna.fr\/index.php\/2023\/07\/31\/mondiaux-u19-a-istanbul\/"},"author":{"name":"fabienne CELLE","@id":"https:\/\/www.crpmna.fr\/#\/schema\/person\/5c04691570c0db749b37a4d156f324d7"},"headline":"Mondiaux U19 \u00e0 Istanbul.","datePublished":"2023-07-31T12:08:32+00:00","dateModified":"2023-12-06T08:08:52+00:00","mainEntityOfPage":{"@id":"https:\/\/www.crpmna.fr\/index.php\/2023\/07\/31\/mondiaux-u19-a-istanbul\/"},"wordCount":170,"publisher":{"@id":"https:\/\/www.crpmna.fr\/#organization"},"image":{"@id":"https:\/\/www.crpmna.fr\/index.php\/2023\/07\/31\/mondiaux-u19-a-istanbul\/#primaryimage"},"thumbnailUrl":"https:\/\/www.crpmna.fr\/wp-content\/uploads\/2023\/07\/365092727_619025847001236_7959987664632486756_n-e1701849689288.jpg","articleSection":["Comp\u00e9titions","P\u00f4le France Rel\u00e8ve Pentathlon Moderne Nouvelle-Aquitaine"],"inLanguage":"fr-FR"},{"@type":"WebPage","@id":"https:\/\/www.crpmna.fr\/index.php\/2023\/07\/31\/mondiaux-u19-a-istanbul\/","url":"https:\/\/www.crpmna.fr\/index.php\/2023\/07\/31\/mondiaux-u19-a-istanbul\/","name":"Mondiaux U19 \u00e0 Istanbul. - CRPMNA","isPartOf":{"@id":"https:\/\/www.crpmna.fr\/#website"},"primaryImageOfPage":{"@id":"https:\/\/www.crpmna.fr\/index.php\/2023\/07\/31\/mondiaux-u19-a-istanbul\/#primaryimage"},"image":{"@id":"https:\/\/www.crpmna.fr\/index.php\/2023\/07\/31\/mondiaux-u19-a-istanbul\/#primaryimage"},"thumbnailUrl":"https:\/\/www.crpmna.fr\/wp-content\/uploads\/2023\/07\/365092727_619025847001236_7959987664632486756_n-e1701849689288.jpg","datePublished":"2023-07-31T12:08:32+00:00","dateModified":"2023-12-06T08:08:52+00:00","description":"Coline Flavin et \u00c9tienne Clergeau ont remport\u00e9 le relais mixte des Mondiaux U19. L'\u00e9quipe f\u00e9minine remporte une belle 3e place par \u00e9quipe.","breadcrumb":{"@id":"https:\/\/www.crpmna.fr\/index.php\/2023\/07\/31\/mondiaux-u19-a-istanbul\/#breadcrumb"},"inLanguage":"fr-FR","potentialAction":[{"@type":"ReadAction","target":["https:\/\/www.crpmna.fr\/index.php\/2023\/07\/31\/mondiaux-u19-a-istanbul\/"]}]},{"@type":"ImageObject","inLanguage":"fr-FR","@id":"https:\/\/www.crpmna.fr\/index.php\/2023\/07\/31\/mondiaux-u19-a-istanbul\/#primaryimage","url":"https:\/\/www.crpmna.fr\/wp-content\/uploads\/2023\/07\/365092727_619025847001236_7959987664632486756_n-e1701849689288.jpg","contentUrl":"https:\/\/www.crpmna.fr\/wp-content\/uploads\/2023\/07\/365092727_619025847001236_7959987664632486756_n-e1701849689288.jpg","width":1365,"height":931},{"@type":"BreadcrumbList","@id":"https:\/\/www.crpmna.fr\/index.php\/2023\/07\/31\/mondiaux-u19-a-istanbul\/#breadcrumb","itemListElement":[{"@type":"ListItem","position":1,"name":"Home","item":"https:\/\/www.crpmna.fr\/"},{"@type":"ListItem","position":2,"name":"Mondiaux U19 \u00e0 Istanbul."}]},{"@type":"WebSite","@id":"https:\/\/www.crpmna.fr\/#website","url":"https:\/\/www.crpmna.fr\/","name":"CRPMNA","description":"Organiser et d\u00e9velopper la pratique du pentathlon moderne en Nouvelle Aquitaine","publisher":{"@id":"https:\/\/www.crpmna.fr\/#organization"},"alternateName":"Comit\u00e9 R\u00e9gional de Pentathlon Moderne de Nouvelle-Aquitaine","potentialAction":[{"@type":"SearchAction","target":{"@type":"EntryPoint","urlTemplate":"https:\/\/www.crpmna.fr\/?s={search_term_string}"},"query-input":{"@type":"PropertyValueSpecification","valueRequired":true,"valueName":"search_term_string"}}],"inLanguage":"fr-FR"},{"@type":"Organization","@id":"https:\/\/www.crpmna.fr\/#organization","name":"CRPMNA","alternateName":"Comit\u00e9 R\u00e9gional de Pentathlon Moderne de Nouvelle-Aquitaine","url":"https:\/\/www.crpmna.fr\/","logo":{"@type":"ImageObject","inLanguage":"fr-FR","@id":"https:\/\/www.crpmna.fr\/#\/schema\/logo\/image\/","url":"https:\/\/www.crpmna.fr\/wp-content\/uploads\/2023\/10\/Logo-CRPMNA-noir-sans-fond.png","contentUrl":"https:\/\/www.crpmna.fr\/wp-content\/uploads\/2023\/10\/Logo-CRPMNA-noir-sans-fond.png","width":2364,"height":2363,"caption":"CRPMNA"},"image":{"@id":"https:\/\/www.crpmna.fr\/#\/schema\/logo\/image\/"},"sameAs":["https:\/\/www.facebook.com\/crpmna.fr","https:\/\/www.instagram.com\/crpmna\/","https:\/\/www.youtube.com\/channel\/UCsnwnBbuM8lu46ibC6H2jEA","https:\/\/www.linkedin.com\/company\/89200652\/admin\/"]},{"@type":"Person","@id":"https:\/\/www.crpmna.fr\/#\/schema\/person\/5c04691570c0db749b37a4d156f324d7","name":"fabienne CELLE","image":{"@type":"ImageObject","inLanguage":"fr-FR","@id":"https:\/\/secure.gravatar.com\/avatar\/cc75ce4b0a15b043a20ce2e99bc72f20e15ed375b83dddd01cbf33f771eb33bb?s=96&d=mm&r=g","url":"https:\/\/secure.gravatar.com\/avatar\/cc75ce4b0a15b043a20ce2e99bc72f20e15ed375b83dddd01cbf33f771eb33bb?s=96&d=mm&r=g","contentUrl":"https:\/\/secure.gravatar.com\/avatar\/cc75ce4b0a15b043a20ce2e99bc72f20e15ed375b83dddd01cbf33f771eb33bb?s=96&d=mm&r=g","caption":"fabienne CELLE"},"url":"https:\/\/www.crpmna.fr\/index.php\/author\/fabienne-celle\/"}]}},"author_meta":{"display_name":"fabienne CELLE","author_link":"https:\/\/www.crpmna.fr\/index.php\/author\/fabienne-celle\/"},"featured_img":"https:\/\/www.crpmna.fr\/wp-content\/uploads\/2023\/07\/365092727_619025847001236_7959987664632486756_n-e1701849689288-300x205.jpg","coauthors":[],"tax_additional":{"categories":{"linked":["<a href=\"https:\/\/www.crpmna.fr\/index.php\/category\/competitions\/\" class=\"advgb-post-tax-term\">Comp\u00e9titions<\/a>","<a href=\"https:\/\/www.crpmna.fr\/index.php\/category\/pole-france-releve-pentathlon-moderne-nouvelle-aquitaine\/\" class=\"advgb-post-tax-term\">P\u00f4le France Rel\u00e8ve Pentathlon Moderne Nouvelle-Aquitaine<\/a>"],"unlinked":["<span class=\"advgb-post-tax-term\">Comp\u00e9titions<\/span>","<span class=\"advgb-post-tax-term\">P\u00f4le France Rel\u00e8ve Pentathlon Moderne Nouvelle-Aquitaine<\/span>"]}},"comment_count":"0","relative_dates":{"created":"Publi\u00e9 3 ans il y a","modified":"Mis \u00e0 jour 2 ans il y a"},"absolute_dates":{"created":"Publi\u00e9 le 31 juillet 2023","modified":"Mise \u00e0 jour le 6 d\u00e9cembre 2023"},"absolute_dates_time":{"created":"Publi\u00e9 le 31 juillet 2023 14 h 08 min","modified":"Mise \u00e0 jour le 6 d\u00e9cembre 2023 9 h 08 min"},"featured_img_caption":"","series_order":"","_links":{"self":[{"href":"https:\/\/www.crpmna.fr\/index.php\/wp-json\/wp\/v2\/posts\/1709","targetHints":{"allow":["GET"]}}],"collection":[{"href":"https:\/\/www.crpmna.fr\/index.php\/wp-json\/wp\/v2\/posts"}],"about":[{"href":"https:\/\/www.crpmna.fr\/index.php\/wp-json\/wp\/v2\/types\/post"}],"author":[{"embeddable":true,"href":"https:\/\/www.crpmna.fr\/index.php\/wp-json\/wp\/v2\/users\/2"}],"replies":[{"embeddable":true,"href":"https:\/\/www.crpmna.fr\/index.php\/wp-json\/wp\/v2\/comments?post=1709"}],"version-history":[{"count":2,"href":"https:\/\/www.crpmna.fr\/index.php\/wp-json\/wp\/v2\/posts\/1709\/revisions"}],"predecessor-version":[{"id":2395,"href":"https:\/\/www.crpmna.fr\/index.php\/wp-json\/wp\/v2\/posts\/1709\/revisions\/2395"}],"wp:featuredmedia":[{"embeddable":true,"href":"https:\/\/www.crpmna.fr\/index.php\/wp-json\/wp\/v2\/media\/2389"}],"wp:attachment":[{"href":"https:\/\/www.crpmna.fr\/index.php\/wp-json\/wp\/v2\/media?parent=1709"}],"wp:term":[{"taxonomy":"category","embeddable":true,"href":"https:\/\/www.crpmna.fr\/index.php\/wp-json\/wp\/v2\/categories?post=1709"},{"taxonomy":"post_tag","embeddable":true,"href":"https:\/\/www.crpmna.fr\/index.php\/wp-json\/wp\/v2\/tags?post=1709"}],"curies":[{"name":"wp","href":"https:\/\/api.w.org\/{rel}","templated":true}]}}