{"id":3306,"date":"2024-08-07T11:31:57","date_gmt":"2024-08-07T09:31:57","guid":{"rendered":"https:\/\/www.crpmna.fr\/?p=3306"},"modified":"2024-08-07T12:45:50","modified_gmt":"2024-08-07T10:45:50","slug":"championnats-deurope-u19-barcelone","status":"publish","type":"post","link":"https:\/\/www.crpmna.fr\/index.php\/2024\/08\/07\/championnats-deurope-u19-barcelone\/","title":{"rendered":"Championnats d&rsquo;Europe U19 &#8211; Barcelone"},"content":{"rendered":"\n<p>Les Championnats d&rsquo;Europe U19 ce sont d\u00e9roul\u00e9s du 23 juillet au 28 juillet 2024 \u00e0 Barcelone (Espagne).<\/p>\n\n\n\n<p>Coline Flavin a pris la 3e place en individuel. Membre du <a href=\"https:\/\/www.crpmna.fr\/index.php\/gironde-33\/\">BEC<\/a>, l&rsquo;athl\u00e8te du p\u00f4le France s&rsquo;offre sa premi\u00e8re m\u00e9daille en individuelle dans un championnat international. La France a d\u00e9croch\u00e9 la deuxi\u00e8me place par \u00e9quipe, derri\u00e8re la Hongrie, gr\u00e2ce aux performances de Coline Flavin, Agathe Chastagner, Alana Sint\u00e8s.<\/p>\n\n\n\n<p>Coline Flavin a brillamment achev\u00e9 son pentathlon avec un temps de 11&rsquo;30&Prime;53 au Laser Run. Auparavant, l&rsquo;escrime s&rsquo;\u00e9tait av\u00e9r\u00e9e tr\u00e8s fructueuse, avec un total de 22 victoires et 13 d\u00e9faites, ce qui correspondait \u00e0 la 7e meilleure performance. L\u2019obstacle a \u00e9t\u00e9 correct avec le 11e temps en 33\u203320 et la natation plus d\u00e9licate avec un chrono en 2\u201926\u203325.<\/p>\n\n\n\n<p>Pendant le relais mixte du samedi avec Karl Furderer, Coline Flavin a de nouveau bien perform\u00e9 en combin\u00e9, et les deux athl\u00e8tes fran\u00e7ais ont r\u00e9alis\u00e9 le deuxi\u00e8me meilleur temps en 12&rsquo;25&Prime;62. H\u00e9las, le duo fran\u00e7ais a accumul\u00e9 un retard excessif en escrime. Les Tricolores ont termin\u00e9 5e.<\/p>\n\n\n\n<p>Toutes nos f\u00e9licitations aux Fran\u00e7ais pour leurs r\u00e9sultats. Le Comit\u00e9 R\u00e9gional de Pentathlon Moderne est tr\u00e8s fier de Coline Flavin qui a brillamment repr\u00e9sent\u00e9 la Nouvelle-Aquitaine.<\/p>\n\n\n\n<p>Bilan : Les Fran\u00e7ais ont obtenu 4 m\u00e9dailles lors des Championnats d&rsquo;Europe \u00e0 Barcelone.<\/p>\n\n\n\n<div class=\"wp-block-columns is-layout-flex wp-container-core-columns-is-layout-28f84493 wp-block-columns-is-layout-flex\">\n<div class=\"wp-block-column is-layout-flow wp-block-column-is-layout-flow\">\n<figure class=\"wp-block-image size-large\"><img decoding=\"async\" width=\"768\" height=\"1024\" src=\"https:\/\/www.crpmna.fr\/wp-content\/uploads\/2024\/08\/IMG-20240726-WA0008-768x1024.jpg\" alt=\"Coline Flavin - Championnats d'Europe U19 - Barcelone\" class=\"wp-image-3315\" srcset=\"https:\/\/www.crpmna.fr\/wp-content\/uploads\/2024\/08\/IMG-20240726-WA0008-768x1024.jpg 768w, https:\/\/www.crpmna.fr\/wp-content\/uploads\/2024\/08\/IMG-20240726-WA0008-225x300.jpg 225w, https:\/\/www.crpmna.fr\/wp-content\/uploads\/2024\/08\/IMG-20240726-WA0008-1152x1536.jpg 1152w, https:\/\/www.crpmna.fr\/wp-content\/uploads\/2024\/08\/IMG-20240726-WA0008-1320x1760.jpg 1320w, https:\/\/www.crpmna.fr\/wp-content\/uploads\/2024\/08\/IMG-20240726-WA0008.jpg 1536w\" sizes=\"(max-width: 768px) 100vw, 768px\" \/><\/figure>\n<\/div>\n\n\n\n<div class=\"wp-block-column is-layout-flow wp-block-column-is-layout-flow\">\n<figure class=\"wp-block-image size-full\"><img decoding=\"async\" width=\"576\" height=\"768\" src=\"https:\/\/www.crpmna.fr\/wp-content\/uploads\/2024\/08\/IMG-20240726-WA0005-576x768-1.jpg\" alt=\"Coline Flavin - Championnats d'Europe U19 - Barcelone\" class=\"wp-image-3316\" srcset=\"https:\/\/www.crpmna.fr\/wp-content\/uploads\/2024\/08\/IMG-20240726-WA0005-576x768-1.jpg 576w, https:\/\/www.crpmna.fr\/wp-content\/uploads\/2024\/08\/IMG-20240726-WA0005-576x768-1-225x300.jpg 225w\" sizes=\"(max-width: 576px) 100vw, 576px\" \/><\/figure>\n<\/div>\n\n\n\n<div class=\"wp-block-column is-layout-flow wp-block-column-is-layout-flow\">\n<figure class=\"wp-block-image size-full\"><img decoding=\"async\" width=\"576\" height=\"768\" src=\"https:\/\/www.crpmna.fr\/wp-content\/uploads\/2024\/08\/IMG-20240726-WA0004-576x768-1.jpg\" alt=\"Par \u00e9quipe Femmes - Championnats d'Europe U19 - Barcelone\" class=\"wp-image-3317\" srcset=\"https:\/\/www.crpmna.fr\/wp-content\/uploads\/2024\/08\/IMG-20240726-WA0004-576x768-1.jpg 576w, https:\/\/www.crpmna.fr\/wp-content\/uploads\/2024\/08\/IMG-20240726-WA0004-576x768-1-225x300.jpg 225w\" sizes=\"(max-width: 576px) 100vw, 576px\" \/><\/figure>\n<\/div>\n<\/div>\n\n\n\n<div style=\"height:22px\" aria-hidden=\"true\" class=\"wp-block-spacer\"><\/div>\n\n\n\n<p><strong>R\u00e9sultats :<\/strong><\/p>\n\n\n\n<div style=\"height:13px\" aria-hidden=\"true\" class=\"wp-block-spacer\"><\/div>\n\n\n\n<div class=\"wp-block-columns is-layout-flex wp-container-core-columns-is-layout-28f84493 wp-block-columns-is-layout-flex\">\n<div class=\"wp-block-column is-layout-flow wp-block-column-is-layout-flow\">\n<div class=\"wp-block-columns is-layout-flex wp-container-core-columns-is-layout-28f84493 wp-block-columns-is-layout-flex\">\n<div class=\"wp-block-column is-layout-flow wp-block-column-is-layout-flow\" style=\"flex-basis:100%\">\n<div class=\"wp-block-columns is-layout-flex wp-container-core-columns-is-layout-28f84493 wp-block-columns-is-layout-flex\">\n<div class=\"wp-block-column is-layout-flow wp-block-column-is-layout-flow\">\n<h6 class=\"wp-block-heading has-text-align-center\"><strong>Femmes<\/strong><\/h6>\n\n\n\n<div class=\"wp-block-columns is-layout-flex wp-container-core-columns-is-layout-28f84493 wp-block-columns-is-layout-flex\">\n<div class=\"wp-block-column is-layout-flow wp-block-column-is-layout-flow\">\n<ul class=\"wp-block-list\">\n<li>Coline Flavin (BEC) 3e<\/li>\n\n\n\n<li>Agathe Chastagner&nbsp;(ANTONY) 11e <\/li>\n\n\n\n<li>Alana Sint\u00e8s (SALANQUE) 30e<\/li>\n<\/ul>\n<\/div>\n<\/div>\n<\/div>\n<\/div>\n<\/div>\n<\/div>\n<\/div>\n\n\n\n<div class=\"wp-block-column is-layout-flow wp-block-column-is-layout-flow\">\n<h6 class=\"wp-block-heading has-text-align-center\"><strong>Hommes<\/strong><\/h6>\n\n\n\n<ul class=\"wp-block-list\">\n<li>Karl Furderer (RMA) 13e <\/li>\n\n\n\n<li>Ernest Brugot (AIX UC) 17e <\/li>\n\n\n\n<li>Ma\u00ebl Clercq&nbsp; (PERPIGNAN) 19e <\/li>\n\n\n\n<li>Mathis Issaka Id\u00e9-Large (PERPIGNAN) 25e <\/li>\n<\/ul>\n<\/div>\n<\/div>\n\n\n\n<div style=\"height:13px\" aria-hidden=\"true\" class=\"wp-block-spacer\"><\/div>\n\n\n\n<div class=\"wp-block-columns is-layout-flex wp-container-core-columns-is-layout-28f84493 wp-block-columns-is-layout-flex\">\n<div class=\"wp-block-column is-layout-flow wp-block-column-is-layout-flow\">\n<div class=\"wp-block-columns is-layout-flex wp-container-core-columns-is-layout-28f84493 wp-block-columns-is-layout-flex\">\n<div class=\"wp-block-column is-layout-flow wp-block-column-is-layout-flow\" style=\"flex-basis:100%\">\n<div class=\"wp-block-columns is-layout-flex wp-container-core-columns-is-layout-28f84493 wp-block-columns-is-layout-flex\">\n<div class=\"wp-block-column is-layout-flow wp-block-column-is-layout-flow\">\n<h6 class=\"wp-block-heading has-text-align-center\"><strong>Relais Femmes<\/strong><\/h6>\n\n\n\n<div class=\"wp-block-columns is-layout-flex wp-container-core-columns-is-layout-28f84493 wp-block-columns-is-layout-flex\">\n<div class=\"wp-block-column is-layout-flow wp-block-column-is-layout-flow\">\n<ul class=\"wp-block-list\">\n<li>Agathe Chastagner et Alana Sint\u00e8s 2e<\/li>\n<\/ul>\n<\/div>\n<\/div>\n<\/div>\n<\/div>\n<\/div>\n<\/div>\n<\/div>\n\n\n\n<div class=\"wp-block-column is-layout-flow wp-block-column-is-layout-flow\">\n<h6 class=\"wp-block-heading has-text-align-center\"><strong>Relais Hommes<\/strong><\/h6>\n\n\n\n<ul class=\"wp-block-list\">\n<li>Ernest Brugot et Ma\u00ebl Clercq 1er<\/li>\n<\/ul>\n<\/div>\n<\/div>\n\n\n\n<div style=\"height:13px\" aria-hidden=\"true\" class=\"wp-block-spacer\"><\/div>\n\n\n\n<div class=\"wp-block-columns is-layout-flex wp-container-core-columns-is-layout-28f84493 wp-block-columns-is-layout-flex\">\n<div class=\"wp-block-column is-layout-flow wp-block-column-is-layout-flow\">\n<div class=\"wp-block-columns is-layout-flex wp-container-core-columns-is-layout-28f84493 wp-block-columns-is-layout-flex\">\n<div class=\"wp-block-column is-layout-flow wp-block-column-is-layout-flow\" style=\"flex-basis:100%\">\n<div class=\"wp-block-columns is-layout-flex wp-container-core-columns-is-layout-28f84493 wp-block-columns-is-layout-flex\">\n<div class=\"wp-block-column is-layout-flow wp-block-column-is-layout-flow\">\n<h6 class=\"wp-block-heading has-text-align-center\"><strong>Par \u00e9quipe femmes<\/strong><\/h6>\n\n\n\n<div class=\"wp-block-columns is-layout-flex wp-container-core-columns-is-layout-28f84493 wp-block-columns-is-layout-flex\">\n<div class=\"wp-block-column is-layout-flow wp-block-column-is-layout-flow\">\n<ul class=\"wp-block-list\">\n<li>Coline Flavin, Agathe Chastagner et Alana Sint\u00e8s 2e<br><\/li>\n<\/ul>\n<\/div>\n<\/div>\n<\/div>\n<\/div>\n<\/div>\n<\/div>\n<\/div>\n\n\n\n<div class=\"wp-block-column is-layout-flow wp-block-column-is-layout-flow\">\n<h6 class=\"wp-block-heading has-text-align-center\"><strong>Par \u00e9quipe<\/strong> <strong>hommes<\/strong><\/h6>\n\n\n\n<ul class=\"wp-block-list\">\n<li>Karl Furderer, Ernest Brugot et Ma\u00ebl Clercq 7e<\/li>\n<\/ul>\n<\/div>\n<\/div>\n\n\n\n<div style=\"height:18px\" aria-hidden=\"true\" class=\"wp-block-spacer\"><\/div>\n\n\n\n<h2 class=\"wp-block-heading has-text-align-center\"><strong>Relais mixte<\/strong><\/h2>\n\n\n\n<ul class=\"wp-block-list\">\n<li>Coline Flavin et Karl Furderer  5e<\/li>\n<\/ul>\n\n\n\n<div style=\"height:14px\" aria-hidden=\"true\" class=\"wp-block-spacer\"><\/div>\n\n\n\n<p>Retrouvez l&rsquo;int\u00e9gralit\u00e9 des r\u00e9sultats juste ici : <a href=\"https:\/\/www.uipmworld.org\/event\/2024-european-u19-championships\">R\u00e9sultats Championnats d&rsquo;Europe U19<\/a><\/p>\n\n\n\n<p><\/p>\n","protected":false},"excerpt":{"rendered":"<p>Les Championnats d&rsquo;Europe U19 ce sont d\u00e9roul\u00e9s du 23 juillet au 28 juillet 2024 \u00e0 Barcelone (Espagne). Coline Flavin a<\/p>\n","protected":false},"author":7,"featured_media":3318,"comment_status":"closed","ping_status":"closed","sticky":false,"template":"","format":"standard","meta":{"colormag_page_container_layout":"default_layout","colormag_page_sidebar_layout":"default_layout","advgb_blocks_editor_width":"","advgb_blocks_columns_visual_guide":"","ngg_post_thumbnail":0,"footnotes":""},"categories":[9,23],"tags":[],"class_list":["post-3306","post","type-post","status-publish","format-standard","has-post-thumbnail","hentry","category-competitions","category-pole-france-releve-pentathlon-moderne-nouvelle-aquitaine"],"yoast_head":"<!-- This site is optimized with the Yoast SEO plugin v27.5 - https:\/\/yoast.com\/product\/yoast-seo-wordpress\/ -->\n<title>Championnats d&#039;Europe U19 - Barcelone - CRPMNA<\/title>\n<meta name=\"description\" content=\"Les Fran\u00e7ais ont obtenu 4 m\u00e9dailles lors des Championnats d&#039;Europe \u00e0 Barcelone. Coline Flavin monte sur le podium avec une m\u00e9daille de bronze\" \/>\n<meta name=\"robots\" content=\"index, follow, max-snippet:-1, max-image-preview:large, max-video-preview:-1\" \/>\n<link rel=\"canonical\" href=\"https:\/\/www.crpmna.fr\/index.php\/2024\/08\/07\/championnats-deurope-u19-barcelone\/\" \/>\n<meta property=\"og:locale\" content=\"fr_FR\" \/>\n<meta property=\"og:type\" content=\"article\" \/>\n<meta property=\"og:title\" content=\"Championnats d&#039;Europe U19 - Barcelone - CRPMNA\" \/>\n<meta property=\"og:description\" content=\"Les Fran\u00e7ais ont obtenu 4 m\u00e9dailles lors des Championnats d&#039;Europe \u00e0 Barcelone. Coline Flavin monte sur le podium avec une m\u00e9daille de bronze\" \/>\n<meta property=\"og:url\" content=\"https:\/\/www.crpmna.fr\/index.php\/2024\/08\/07\/championnats-deurope-u19-barcelone\/\" \/>\n<meta property=\"og:site_name\" content=\"CRPMNA\" \/>\n<meta property=\"article:publisher\" content=\"https:\/\/www.facebook.com\/crpmna.fr\" \/>\n<meta property=\"article:published_time\" content=\"2024-08-07T09:31:57+00:00\" \/>\n<meta property=\"article:modified_time\" content=\"2024-08-07T10:45:50+00:00\" \/>\n<meta property=\"og:image\" content=\"https:\/\/www.crpmna.fr\/wp-content\/uploads\/2024\/08\/IMG-20240726-WA0003.jpg\" \/>\n\t<meta property=\"og:image:width\" content=\"1536\" \/>\n\t<meta property=\"og:image:height\" content=\"2048\" \/>\n\t<meta property=\"og:image:type\" content=\"image\/jpeg\" \/>\n<meta name=\"author\" content=\"Lisa ASQUOET\" \/>\n<meta name=\"twitter:card\" content=\"summary_large_image\" \/>\n<meta name=\"twitter:label1\" content=\"\u00c9crit par\" \/>\n\t<meta name=\"twitter:data1\" content=\"Lisa ASQUOET\" \/>\n\t<meta name=\"twitter:label2\" content=\"Dur\u00e9e de lecture estim\u00e9e\" \/>\n\t<meta name=\"twitter:data2\" content=\"3 minutes\" \/>\n<script type=\"application\/ld+json\" class=\"yoast-schema-graph\">{\"@context\":\"https:\\\/\\\/schema.org\",\"@graph\":[{\"@type\":\"Article\",\"@id\":\"https:\\\/\\\/www.crpmna.fr\\\/index.php\\\/2024\\\/08\\\/07\\\/championnats-deurope-u19-barcelone\\\/#article\",\"isPartOf\":{\"@id\":\"https:\\\/\\\/www.crpmna.fr\\\/index.php\\\/2024\\\/08\\\/07\\\/championnats-deurope-u19-barcelone\\\/\"},\"author\":{\"name\":\"Lisa ASQUOET\",\"@id\":\"https:\\\/\\\/www.crpmna.fr\\\/#\\\/schema\\\/person\\\/b3fc933d145bb46a51b572aebe3de5fb\"},\"headline\":\"Championnats d&rsquo;Europe U19 &#8211; Barcelone\",\"datePublished\":\"2024-08-07T09:31:57+00:00\",\"dateModified\":\"2024-08-07T10:45:50+00:00\",\"mainEntityOfPage\":{\"@id\":\"https:\\\/\\\/www.crpmna.fr\\\/index.php\\\/2024\\\/08\\\/07\\\/championnats-deurope-u19-barcelone\\\/\"},\"wordCount\":343,\"publisher\":{\"@id\":\"https:\\\/\\\/www.crpmna.fr\\\/#organization\"},\"image\":{\"@id\":\"https:\\\/\\\/www.crpmna.fr\\\/index.php\\\/2024\\\/08\\\/07\\\/championnats-deurope-u19-barcelone\\\/#primaryimage\"},\"thumbnailUrl\":\"https:\\\/\\\/www.crpmna.fr\\\/wp-content\\\/uploads\\\/2024\\\/08\\\/IMG-20240726-WA0003.jpg\",\"articleSection\":[\"Comp\u00e9titions\",\"P\u00f4le France Rel\u00e8ve Pentathlon Moderne Nouvelle-Aquitaine\"],\"inLanguage\":\"fr-FR\"},{\"@type\":\"WebPage\",\"@id\":\"https:\\\/\\\/www.crpmna.fr\\\/index.php\\\/2024\\\/08\\\/07\\\/championnats-deurope-u19-barcelone\\\/\",\"url\":\"https:\\\/\\\/www.crpmna.fr\\\/index.php\\\/2024\\\/08\\\/07\\\/championnats-deurope-u19-barcelone\\\/\",\"name\":\"Championnats d'Europe U19 - Barcelone - CRPMNA\",\"isPartOf\":{\"@id\":\"https:\\\/\\\/www.crpmna.fr\\\/#website\"},\"primaryImageOfPage\":{\"@id\":\"https:\\\/\\\/www.crpmna.fr\\\/index.php\\\/2024\\\/08\\\/07\\\/championnats-deurope-u19-barcelone\\\/#primaryimage\"},\"image\":{\"@id\":\"https:\\\/\\\/www.crpmna.fr\\\/index.php\\\/2024\\\/08\\\/07\\\/championnats-deurope-u19-barcelone\\\/#primaryimage\"},\"thumbnailUrl\":\"https:\\\/\\\/www.crpmna.fr\\\/wp-content\\\/uploads\\\/2024\\\/08\\\/IMG-20240726-WA0003.jpg\",\"datePublished\":\"2024-08-07T09:31:57+00:00\",\"dateModified\":\"2024-08-07T10:45:50+00:00\",\"description\":\"Les Fran\u00e7ais ont obtenu 4 m\u00e9dailles lors des Championnats d'Europe \u00e0 Barcelone. Coline Flavin monte sur le podium avec une m\u00e9daille de bronze\",\"breadcrumb\":{\"@id\":\"https:\\\/\\\/www.crpmna.fr\\\/index.php\\\/2024\\\/08\\\/07\\\/championnats-deurope-u19-barcelone\\\/#breadcrumb\"},\"inLanguage\":\"fr-FR\",\"potentialAction\":[{\"@type\":\"ReadAction\",\"target\":[\"https:\\\/\\\/www.crpmna.fr\\\/index.php\\\/2024\\\/08\\\/07\\\/championnats-deurope-u19-barcelone\\\/\"]}]},{\"@type\":\"ImageObject\",\"inLanguage\":\"fr-FR\",\"@id\":\"https:\\\/\\\/www.crpmna.fr\\\/index.php\\\/2024\\\/08\\\/07\\\/championnats-deurope-u19-barcelone\\\/#primaryimage\",\"url\":\"https:\\\/\\\/www.crpmna.fr\\\/wp-content\\\/uploads\\\/2024\\\/08\\\/IMG-20240726-WA0003.jpg\",\"contentUrl\":\"https:\\\/\\\/www.crpmna.fr\\\/wp-content\\\/uploads\\\/2024\\\/08\\\/IMG-20240726-WA0003.jpg\",\"width\":1536,\"height\":2048},{\"@type\":\"BreadcrumbList\",\"@id\":\"https:\\\/\\\/www.crpmna.fr\\\/index.php\\\/2024\\\/08\\\/07\\\/championnats-deurope-u19-barcelone\\\/#breadcrumb\",\"itemListElement\":[{\"@type\":\"ListItem\",\"position\":1,\"name\":\"Home\",\"item\":\"https:\\\/\\\/www.crpmna.fr\\\/\"},{\"@type\":\"ListItem\",\"position\":2,\"name\":\"Championnats d&#8217;Europe U19 &#8211; Barcelone\"}]},{\"@type\":\"WebSite\",\"@id\":\"https:\\\/\\\/www.crpmna.fr\\\/#website\",\"url\":\"https:\\\/\\\/www.crpmna.fr\\\/\",\"name\":\"CRPMNA\",\"description\":\"Organiser et d\u00e9velopper la pratique du pentathlon moderne en Nouvelle Aquitaine\",\"publisher\":{\"@id\":\"https:\\\/\\\/www.crpmna.fr\\\/#organization\"},\"alternateName\":\"Comit\u00e9 R\u00e9gional de Pentathlon Moderne de Nouvelle-Aquitaine\",\"potentialAction\":[{\"@type\":\"SearchAction\",\"target\":{\"@type\":\"EntryPoint\",\"urlTemplate\":\"https:\\\/\\\/www.crpmna.fr\\\/?s={search_term_string}\"},\"query-input\":{\"@type\":\"PropertyValueSpecification\",\"valueRequired\":true,\"valueName\":\"search_term_string\"}}],\"inLanguage\":\"fr-FR\"},{\"@type\":\"Organization\",\"@id\":\"https:\\\/\\\/www.crpmna.fr\\\/#organization\",\"name\":\"CRPMNA\",\"alternateName\":\"Comit\u00e9 R\u00e9gional de Pentathlon Moderne de Nouvelle-Aquitaine\",\"url\":\"https:\\\/\\\/www.crpmna.fr\\\/\",\"logo\":{\"@type\":\"ImageObject\",\"inLanguage\":\"fr-FR\",\"@id\":\"https:\\\/\\\/www.crpmna.fr\\\/#\\\/schema\\\/logo\\\/image\\\/\",\"url\":\"https:\\\/\\\/www.crpmna.fr\\\/wp-content\\\/uploads\\\/2023\\\/10\\\/Logo-CRPMNA-noir-sans-fond.png\",\"contentUrl\":\"https:\\\/\\\/www.crpmna.fr\\\/wp-content\\\/uploads\\\/2023\\\/10\\\/Logo-CRPMNA-noir-sans-fond.png\",\"width\":2364,\"height\":2363,\"caption\":\"CRPMNA\"},\"image\":{\"@id\":\"https:\\\/\\\/www.crpmna.fr\\\/#\\\/schema\\\/logo\\\/image\\\/\"},\"sameAs\":[\"https:\\\/\\\/www.facebook.com\\\/crpmna.fr\",\"https:\\\/\\\/www.instagram.com\\\/crpmna\\\/\",\"https:\\\/\\\/www.youtube.com\\\/channel\\\/UCsnwnBbuM8lu46ibC6H2jEA\",\"https:\\\/\\\/www.linkedin.com\\\/company\\\/89200652\\\/admin\\\/\"]},{\"@type\":\"Person\",\"@id\":\"https:\\\/\\\/www.crpmna.fr\\\/#\\\/schema\\\/person\\\/b3fc933d145bb46a51b572aebe3de5fb\",\"name\":\"Lisa ASQUOET\",\"image\":{\"@type\":\"ImageObject\",\"inLanguage\":\"fr-FR\",\"@id\":\"https:\\\/\\\/secure.gravatar.com\\\/avatar\\\/9d9a776cc9779721f4b377fb9c88bd207820eeaf91bd727145ca82ccf271c261?s=96&d=mm&r=g\",\"url\":\"https:\\\/\\\/secure.gravatar.com\\\/avatar\\\/9d9a776cc9779721f4b377fb9c88bd207820eeaf91bd727145ca82ccf271c261?s=96&d=mm&r=g\",\"contentUrl\":\"https:\\\/\\\/secure.gravatar.com\\\/avatar\\\/9d9a776cc9779721f4b377fb9c88bd207820eeaf91bd727145ca82ccf271c261?s=96&d=mm&r=g\",\"caption\":\"Lisa ASQUOET\"},\"sameAs\":[\"http:\\\/\\\/www.crpmna.fr\"],\"url\":\"https:\\\/\\\/www.crpmna.fr\\\/index.php\\\/author\\\/charge-communication\\\/\"}]}<\/script>\n<!-- \/ Yoast SEO plugin. -->","yoast_head_json":{"title":"Championnats d'Europe U19 - Barcelone - CRPMNA","description":"Les Fran\u00e7ais ont obtenu 4 m\u00e9dailles lors des Championnats d'Europe \u00e0 Barcelone. Coline Flavin monte sur le podium avec une m\u00e9daille de bronze","robots":{"index":"index","follow":"follow","max-snippet":"max-snippet:-1","max-image-preview":"max-image-preview:large","max-video-preview":"max-video-preview:-1"},"canonical":"https:\/\/www.crpmna.fr\/index.php\/2024\/08\/07\/championnats-deurope-u19-barcelone\/","og_locale":"fr_FR","og_type":"article","og_title":"Championnats d'Europe U19 - Barcelone - CRPMNA","og_description":"Les Fran\u00e7ais ont obtenu 4 m\u00e9dailles lors des Championnats d'Europe \u00e0 Barcelone. Coline Flavin monte sur le podium avec une m\u00e9daille de bronze","og_url":"https:\/\/www.crpmna.fr\/index.php\/2024\/08\/07\/championnats-deurope-u19-barcelone\/","og_site_name":"CRPMNA","article_publisher":"https:\/\/www.facebook.com\/crpmna.fr","article_published_time":"2024-08-07T09:31:57+00:00","article_modified_time":"2024-08-07T10:45:50+00:00","og_image":[{"width":1536,"height":2048,"url":"https:\/\/www.crpmna.fr\/wp-content\/uploads\/2024\/08\/IMG-20240726-WA0003.jpg","type":"image\/jpeg"}],"author":"Lisa ASQUOET","twitter_card":"summary_large_image","twitter_misc":{"\u00c9crit par":"Lisa ASQUOET","Dur\u00e9e de lecture estim\u00e9e":"3 minutes"},"schema":{"@context":"https:\/\/schema.org","@graph":[{"@type":"Article","@id":"https:\/\/www.crpmna.fr\/index.php\/2024\/08\/07\/championnats-deurope-u19-barcelone\/#article","isPartOf":{"@id":"https:\/\/www.crpmna.fr\/index.php\/2024\/08\/07\/championnats-deurope-u19-barcelone\/"},"author":{"name":"Lisa ASQUOET","@id":"https:\/\/www.crpmna.fr\/#\/schema\/person\/b3fc933d145bb46a51b572aebe3de5fb"},"headline":"Championnats d&rsquo;Europe U19 &#8211; Barcelone","datePublished":"2024-08-07T09:31:57+00:00","dateModified":"2024-08-07T10:45:50+00:00","mainEntityOfPage":{"@id":"https:\/\/www.crpmna.fr\/index.php\/2024\/08\/07\/championnats-deurope-u19-barcelone\/"},"wordCount":343,"publisher":{"@id":"https:\/\/www.crpmna.fr\/#organization"},"image":{"@id":"https:\/\/www.crpmna.fr\/index.php\/2024\/08\/07\/championnats-deurope-u19-barcelone\/#primaryimage"},"thumbnailUrl":"https:\/\/www.crpmna.fr\/wp-content\/uploads\/2024\/08\/IMG-20240726-WA0003.jpg","articleSection":["Comp\u00e9titions","P\u00f4le France Rel\u00e8ve Pentathlon Moderne Nouvelle-Aquitaine"],"inLanguage":"fr-FR"},{"@type":"WebPage","@id":"https:\/\/www.crpmna.fr\/index.php\/2024\/08\/07\/championnats-deurope-u19-barcelone\/","url":"https:\/\/www.crpmna.fr\/index.php\/2024\/08\/07\/championnats-deurope-u19-barcelone\/","name":"Championnats d'Europe U19 - Barcelone - CRPMNA","isPartOf":{"@id":"https:\/\/www.crpmna.fr\/#website"},"primaryImageOfPage":{"@id":"https:\/\/www.crpmna.fr\/index.php\/2024\/08\/07\/championnats-deurope-u19-barcelone\/#primaryimage"},"image":{"@id":"https:\/\/www.crpmna.fr\/index.php\/2024\/08\/07\/championnats-deurope-u19-barcelone\/#primaryimage"},"thumbnailUrl":"https:\/\/www.crpmna.fr\/wp-content\/uploads\/2024\/08\/IMG-20240726-WA0003.jpg","datePublished":"2024-08-07T09:31:57+00:00","dateModified":"2024-08-07T10:45:50+00:00","description":"Les Fran\u00e7ais ont obtenu 4 m\u00e9dailles lors des Championnats d'Europe \u00e0 Barcelone. Coline Flavin monte sur le podium avec une m\u00e9daille de bronze","breadcrumb":{"@id":"https:\/\/www.crpmna.fr\/index.php\/2024\/08\/07\/championnats-deurope-u19-barcelone\/#breadcrumb"},"inLanguage":"fr-FR","potentialAction":[{"@type":"ReadAction","target":["https:\/\/www.crpmna.fr\/index.php\/2024\/08\/07\/championnats-deurope-u19-barcelone\/"]}]},{"@type":"ImageObject","inLanguage":"fr-FR","@id":"https:\/\/www.crpmna.fr\/index.php\/2024\/08\/07\/championnats-deurope-u19-barcelone\/#primaryimage","url":"https:\/\/www.crpmna.fr\/wp-content\/uploads\/2024\/08\/IMG-20240726-WA0003.jpg","contentUrl":"https:\/\/www.crpmna.fr\/wp-content\/uploads\/2024\/08\/IMG-20240726-WA0003.jpg","width":1536,"height":2048},{"@type":"BreadcrumbList","@id":"https:\/\/www.crpmna.fr\/index.php\/2024\/08\/07\/championnats-deurope-u19-barcelone\/#breadcrumb","itemListElement":[{"@type":"ListItem","position":1,"name":"Home","item":"https:\/\/www.crpmna.fr\/"},{"@type":"ListItem","position":2,"name":"Championnats d&#8217;Europe U19 &#8211; Barcelone"}]},{"@type":"WebSite","@id":"https:\/\/www.crpmna.fr\/#website","url":"https:\/\/www.crpmna.fr\/","name":"CRPMNA","description":"Organiser et d\u00e9velopper la pratique du pentathlon moderne en Nouvelle Aquitaine","publisher":{"@id":"https:\/\/www.crpmna.fr\/#organization"},"alternateName":"Comit\u00e9 R\u00e9gional de Pentathlon Moderne de Nouvelle-Aquitaine","potentialAction":[{"@type":"SearchAction","target":{"@type":"EntryPoint","urlTemplate":"https:\/\/www.crpmna.fr\/?s={search_term_string}"},"query-input":{"@type":"PropertyValueSpecification","valueRequired":true,"valueName":"search_term_string"}}],"inLanguage":"fr-FR"},{"@type":"Organization","@id":"https:\/\/www.crpmna.fr\/#organization","name":"CRPMNA","alternateName":"Comit\u00e9 R\u00e9gional de Pentathlon Moderne de Nouvelle-Aquitaine","url":"https:\/\/www.crpmna.fr\/","logo":{"@type":"ImageObject","inLanguage":"fr-FR","@id":"https:\/\/www.crpmna.fr\/#\/schema\/logo\/image\/","url":"https:\/\/www.crpmna.fr\/wp-content\/uploads\/2023\/10\/Logo-CRPMNA-noir-sans-fond.png","contentUrl":"https:\/\/www.crpmna.fr\/wp-content\/uploads\/2023\/10\/Logo-CRPMNA-noir-sans-fond.png","width":2364,"height":2363,"caption":"CRPMNA"},"image":{"@id":"https:\/\/www.crpmna.fr\/#\/schema\/logo\/image\/"},"sameAs":["https:\/\/www.facebook.com\/crpmna.fr","https:\/\/www.instagram.com\/crpmna\/","https:\/\/www.youtube.com\/channel\/UCsnwnBbuM8lu46ibC6H2jEA","https:\/\/www.linkedin.com\/company\/89200652\/admin\/"]},{"@type":"Person","@id":"https:\/\/www.crpmna.fr\/#\/schema\/person\/b3fc933d145bb46a51b572aebe3de5fb","name":"Lisa ASQUOET","image":{"@type":"ImageObject","inLanguage":"fr-FR","@id":"https:\/\/secure.gravatar.com\/avatar\/9d9a776cc9779721f4b377fb9c88bd207820eeaf91bd727145ca82ccf271c261?s=96&d=mm&r=g","url":"https:\/\/secure.gravatar.com\/avatar\/9d9a776cc9779721f4b377fb9c88bd207820eeaf91bd727145ca82ccf271c261?s=96&d=mm&r=g","contentUrl":"https:\/\/secure.gravatar.com\/avatar\/9d9a776cc9779721f4b377fb9c88bd207820eeaf91bd727145ca82ccf271c261?s=96&d=mm&r=g","caption":"Lisa ASQUOET"},"sameAs":["http:\/\/www.crpmna.fr"],"url":"https:\/\/www.crpmna.fr\/index.php\/author\/charge-communication\/"}]}},"author_meta":{"display_name":"Lisa ASQUOET","author_link":"https:\/\/www.crpmna.fr\/index.php\/author\/charge-communication\/"},"featured_img":"https:\/\/www.crpmna.fr\/wp-content\/uploads\/2024\/08\/IMG-20240726-WA0003-225x300.jpg","coauthors":[],"tax_additional":{"categories":{"linked":["<a href=\"https:\/\/www.crpmna.fr\/index.php\/category\/competitions\/\" class=\"advgb-post-tax-term\">Comp\u00e9titions<\/a>","<a href=\"https:\/\/www.crpmna.fr\/index.php\/category\/pole-france-releve-pentathlon-moderne-nouvelle-aquitaine\/\" class=\"advgb-post-tax-term\">P\u00f4le France Rel\u00e8ve Pentathlon Moderne Nouvelle-Aquitaine<\/a>"],"unlinked":["<span class=\"advgb-post-tax-term\">Comp\u00e9titions<\/span>","<span class=\"advgb-post-tax-term\">P\u00f4le France Rel\u00e8ve Pentathlon Moderne Nouvelle-Aquitaine<\/span>"]}},"comment_count":"0","relative_dates":{"created":"Publi\u00e9 2 ans il y a","modified":"Mis \u00e0 jour 2 ans il y a"},"absolute_dates":{"created":"Publi\u00e9 le 7 ao\u00fbt 2024","modified":"Mise \u00e0 jour le 7 ao\u00fbt 2024"},"absolute_dates_time":{"created":"Publi\u00e9 le 7 ao\u00fbt 2024 11 h 31 min","modified":"Mise \u00e0 jour le 7 ao\u00fbt 2024 12 h 45 min"},"featured_img_caption":"","series_order":"","_links":{"self":[{"href":"https:\/\/www.crpmna.fr\/index.php\/wp-json\/wp\/v2\/posts\/3306","targetHints":{"allow":["GET"]}}],"collection":[{"href":"https:\/\/www.crpmna.fr\/index.php\/wp-json\/wp\/v2\/posts"}],"about":[{"href":"https:\/\/www.crpmna.fr\/index.php\/wp-json\/wp\/v2\/types\/post"}],"author":[{"embeddable":true,"href":"https:\/\/www.crpmna.fr\/index.php\/wp-json\/wp\/v2\/users\/7"}],"replies":[{"embeddable":true,"href":"https:\/\/www.crpmna.fr\/index.php\/wp-json\/wp\/v2\/comments?post=3306"}],"version-history":[{"count":7,"href":"https:\/\/www.crpmna.fr\/index.php\/wp-json\/wp\/v2\/posts\/3306\/revisions"}],"predecessor-version":[{"id":3323,"href":"https:\/\/www.crpmna.fr\/index.php\/wp-json\/wp\/v2\/posts\/3306\/revisions\/3323"}],"wp:featuredmedia":[{"embeddable":true,"href":"https:\/\/www.crpmna.fr\/index.php\/wp-json\/wp\/v2\/media\/3318"}],"wp:attachment":[{"href":"https:\/\/www.crpmna.fr\/index.php\/wp-json\/wp\/v2\/media?parent=3306"}],"wp:term":[{"taxonomy":"category","embeddable":true,"href":"https:\/\/www.crpmna.fr\/index.php\/wp-json\/wp\/v2\/categories?post=3306"},{"taxonomy":"post_tag","embeddable":true,"href":"https:\/\/www.crpmna.fr\/index.php\/wp-json\/wp\/v2\/tags?post=3306"}],"curies":[{"name":"wp","href":"https:\/\/api.w.org\/{rel}","templated":true}]}}