{"id":4192,"date":"2025-06-30T16:49:52","date_gmt":"2025-06-30T14:49:52","guid":{"rendered":"https:\/\/www.crpmna.fr\/?p=4192"},"modified":"2025-07-08T09:03:18","modified_gmt":"2025-07-08T07:03:18","slug":"championnats-du-monde-u22","status":"publish","type":"post","link":"https:\/\/www.crpmna.fr\/index.php\/2025\/06\/30\/championnats-du-monde-u22\/","title":{"rendered":"Championnats du Monde U22"},"content":{"rendered":"\n<p>Les Championnats du monde U22 ont eu lieu du 25 au 29 juin 2025 \u00e0 <strong>Sz\u00e9kesfeh\u00e9rv\u00e1r<\/strong>&nbsp;en&nbsp;<strong>Hongrie<\/strong>.<\/p>\n\n\n\n<div style=\"height:10px\" aria-hidden=\"true\" class=\"wp-block-spacer\"><\/div>\n\n\n\n<h4 class=\"wp-block-heading has-text-align-center\"><strong>Qualifications femmes<\/strong><\/h4>\n\n\n\n<p>Deux Fran\u00e7aises se sont qualifi\u00e9es \u00e0 Alexandrie ce mercredi 25 juin, pour les demi-finales individuelles. Coline Flavin du BEC a termin\u00e9 14e du groupe B et Mathilde Derval de Font-Romeu 30e dans le groupe C.<\/p>\n\n\n\n<div class=\"wp-block-columns is-layout-flex wp-container-core-columns-is-layout-28f84493 wp-block-columns-is-layout-flex\">\n<div class=\"wp-block-column is-layout-flow wp-block-column-is-layout-flow\">\n<figure class=\"wp-block-image size-full\"><img decoding=\"async\" width=\"533\" height=\"533\" src=\"https:\/\/www.crpmna.fr\/wp-content\/uploads\/2025\/06\/54614225583_560fd30c7e_c-edited.jpg\" alt=\"\" class=\"wp-image-4204\" srcset=\"https:\/\/www.crpmna.fr\/wp-content\/uploads\/2025\/06\/54614225583_560fd30c7e_c-edited.jpg 533w, https:\/\/www.crpmna.fr\/wp-content\/uploads\/2025\/06\/54614225583_560fd30c7e_c-edited-300x300.jpg 300w, https:\/\/www.crpmna.fr\/wp-content\/uploads\/2025\/06\/54614225583_560fd30c7e_c-edited-150x150.jpg 150w\" sizes=\"(max-width: 533px) 100vw, 533px\" \/><\/figure>\n<\/div>\n\n\n\n<div class=\"wp-block-column is-layout-flow wp-block-column-is-layout-flow\">\n<figure class=\"wp-block-image size-full\"><img decoding=\"async\" width=\"533\" height=\"533\" src=\"https:\/\/www.crpmna.fr\/wp-content\/uploads\/2025\/06\/54614008401_79da1c7877_c-edited.jpg\" alt=\"\" class=\"wp-image-4207\" srcset=\"https:\/\/www.crpmna.fr\/wp-content\/uploads\/2025\/06\/54614008401_79da1c7877_c-edited.jpg 533w, https:\/\/www.crpmna.fr\/wp-content\/uploads\/2025\/06\/54614008401_79da1c7877_c-edited-300x300.jpg 300w, https:\/\/www.crpmna.fr\/wp-content\/uploads\/2025\/06\/54614008401_79da1c7877_c-edited-150x150.jpg 150w\" sizes=\"(max-width: 533px) 100vw, 533px\" \/><\/figure>\n<\/div>\n\n\n\n<div class=\"wp-block-column is-layout-flow wp-block-column-is-layout-flow\">\n<figure class=\"wp-block-gallery has-nested-images columns-default is-cropped wp-block-gallery-1 is-layout-flex wp-block-gallery-is-layout-flex\">\n<figure class=\"wp-block-image size-full\"><img decoding=\"async\" width=\"533\" height=\"533\" data-id=\"4208\" src=\"https:\/\/www.crpmna.fr\/wp-content\/uploads\/2025\/06\/54614229593_06117407d4_c-edited.jpg\" alt=\"\" class=\"wp-image-4208\" srcset=\"https:\/\/www.crpmna.fr\/wp-content\/uploads\/2025\/06\/54614229593_06117407d4_c-edited.jpg 533w, https:\/\/www.crpmna.fr\/wp-content\/uploads\/2025\/06\/54614229593_06117407d4_c-edited-300x300.jpg 300w, https:\/\/www.crpmna.fr\/wp-content\/uploads\/2025\/06\/54614229593_06117407d4_c-edited-150x150.jpg 150w\" sizes=\"(max-width: 533px) 100vw, 533px\" \/><\/figure>\n<\/figure>\n<\/div>\n<\/div>\n\n\n\n<h4 class=\"wp-block-heading has-text-align-center\"><strong>Qualifications hommes<\/strong><\/h4>\n\n\n\n<p>Le jeudi 26 juin, c&rsquo;\u00e9tait au tour des hommes. Etienne Clergeau a termin\u00e9 7e du groupe A, Diego Lavillat 14e et Brugot Ernest 22e du groupe B, Schoen Florent 26e et Fuderer Karl 34e du groupe C.<\/p>\n\n\n\n<div class=\"wp-block-columns is-layout-flex wp-container-core-columns-is-layout-28f84493 wp-block-columns-is-layout-flex\">\n<div class=\"wp-block-column is-layout-flow wp-block-column-is-layout-flow\">\n<figure class=\"wp-block-image size-full\"><img decoding=\"async\" width=\"799\" height=\"533\" src=\"https:\/\/www.crpmna.fr\/wp-content\/uploads\/2025\/06\/54616053487_2bd90b6533_c.jpg\" alt=\"\" class=\"wp-image-4210\" srcset=\"https:\/\/www.crpmna.fr\/wp-content\/uploads\/2025\/06\/54616053487_2bd90b6533_c.jpg 799w, https:\/\/www.crpmna.fr\/wp-content\/uploads\/2025\/06\/54616053487_2bd90b6533_c-300x200.jpg 300w, https:\/\/www.crpmna.fr\/wp-content\/uploads\/2025\/06\/54616053487_2bd90b6533_c-768x512.jpg 768w\" sizes=\"(max-width: 799px) 100vw, 799px\" \/><\/figure>\n<\/div>\n\n\n\n<div class=\"wp-block-column is-layout-flow wp-block-column-is-layout-flow\">\n<figure class=\"wp-block-image size-full\"><img decoding=\"async\" width=\"799\" height=\"533\" src=\"https:\/\/www.crpmna.fr\/wp-content\/uploads\/2025\/06\/54617246440_8cd575c56a_c.jpg\" alt=\"\" class=\"wp-image-4211\" srcset=\"https:\/\/www.crpmna.fr\/wp-content\/uploads\/2025\/06\/54617246440_8cd575c56a_c.jpg 799w, https:\/\/www.crpmna.fr\/wp-content\/uploads\/2025\/06\/54617246440_8cd575c56a_c-300x200.jpg 300w, https:\/\/www.crpmna.fr\/wp-content\/uploads\/2025\/06\/54617246440_8cd575c56a_c-768x512.jpg 768w\" sizes=\"(max-width: 799px) 100vw, 799px\" \/><\/figure>\n<\/div>\n\n\n\n<div class=\"wp-block-column is-layout-flow wp-block-column-is-layout-flow\">\n<figure class=\"wp-block-image size-full\"><img decoding=\"async\" width=\"799\" height=\"533\" src=\"https:\/\/www.crpmna.fr\/wp-content\/uploads\/2025\/06\/54617136484_1e603e02a0_c.jpg\" alt=\"\" class=\"wp-image-4212\" srcset=\"https:\/\/www.crpmna.fr\/wp-content\/uploads\/2025\/06\/54617136484_1e603e02a0_c.jpg 799w, https:\/\/www.crpmna.fr\/wp-content\/uploads\/2025\/06\/54617136484_1e603e02a0_c-300x200.jpg 300w, https:\/\/www.crpmna.fr\/wp-content\/uploads\/2025\/06\/54617136484_1e603e02a0_c-768x512.jpg 768w\" sizes=\"(max-width: 799px) 100vw, 799px\" \/><\/figure>\n<\/div>\n<\/div>\n\n\n\n<p class=\"has-text-align-center\"><strong>Demi-finales femmes<\/strong><\/p>\n\n\n\n<p>Coline et Mathilde faisaient partie du groupe B lors de la demi-finale qui s&rsquo;est tenue le 27 juin. Mathilde Derval termine 5e et Coline Flavin finit 7e.<\/p>\n\n\n\n<div class=\"wp-block-columns is-layout-flex wp-container-core-columns-is-layout-28f84493 wp-block-columns-is-layout-flex\">\n<div class=\"wp-block-column is-layout-flow wp-block-column-is-layout-flow\">\n<figure class=\"wp-block-image size-full\"><img decoding=\"async\" width=\"799\" height=\"533\" src=\"https:\/\/www.crpmna.fr\/wp-content\/uploads\/2025\/06\/54618163529_b2b439dabd_c.jpg\" alt=\"\" class=\"wp-image-4213\" srcset=\"https:\/\/www.crpmna.fr\/wp-content\/uploads\/2025\/06\/54618163529_b2b439dabd_c.jpg 799w, https:\/\/www.crpmna.fr\/wp-content\/uploads\/2025\/06\/54618163529_b2b439dabd_c-300x200.jpg 300w, https:\/\/www.crpmna.fr\/wp-content\/uploads\/2025\/06\/54618163529_b2b439dabd_c-768x512.jpg 768w\" sizes=\"(max-width: 799px) 100vw, 799px\" \/><\/figure>\n<\/div>\n\n\n\n<div class=\"wp-block-column is-layout-flow wp-block-column-is-layout-flow\">\n<figure class=\"wp-block-image size-full\"><img decoding=\"async\" width=\"799\" height=\"533\" src=\"https:\/\/www.crpmna.fr\/wp-content\/uploads\/2025\/06\/54617957451_1cf60ca409_c.jpg\" alt=\"\" class=\"wp-image-4214\" srcset=\"https:\/\/www.crpmna.fr\/wp-content\/uploads\/2025\/06\/54617957451_1cf60ca409_c.jpg 799w, https:\/\/www.crpmna.fr\/wp-content\/uploads\/2025\/06\/54617957451_1cf60ca409_c-300x200.jpg 300w, https:\/\/www.crpmna.fr\/wp-content\/uploads\/2025\/06\/54617957451_1cf60ca409_c-768x512.jpg 768w\" sizes=\"(max-width: 799px) 100vw, 799px\" \/><\/figure>\n<\/div>\n\n\n\n<div class=\"wp-block-column is-layout-flow wp-block-column-is-layout-flow\">\n<figure class=\"wp-block-image size-full\"><img decoding=\"async\" width=\"799\" height=\"533\" src=\"https:\/\/www.crpmna.fr\/wp-content\/uploads\/2025\/06\/54618162139_8fbd3c3ea1_c.jpg\" alt=\"\" class=\"wp-image-4215\" srcset=\"https:\/\/www.crpmna.fr\/wp-content\/uploads\/2025\/06\/54618162139_8fbd3c3ea1_c.jpg 799w, https:\/\/www.crpmna.fr\/wp-content\/uploads\/2025\/06\/54618162139_8fbd3c3ea1_c-300x200.jpg 300w, https:\/\/www.crpmna.fr\/wp-content\/uploads\/2025\/06\/54618162139_8fbd3c3ea1_c-768x512.jpg 768w\" sizes=\"(max-width: 799px) 100vw, 799px\" \/><\/figure>\n<\/div>\n<\/div>\n\n\n\n<p class=\"has-text-align-center\"><strong>Demi-finales hommes<\/strong><\/p>\n\n\n\n<p>Les hommes ont particip\u00e9 \u00e0 la demi-finale le 28 juin. Dans le groupe A, Lavillat Diego a termin\u00e9 9e et Fuderer Karl a finit 18e. Dans le groupe B, Etienne Clergeau a prit la deuxi\u00e8me place et Schoen Florent la 7e position.<\/p>\n\n\n\n<div class=\"wp-block-columns is-layout-flex wp-container-core-columns-is-layout-28f84493 wp-block-columns-is-layout-flex\">\n<div class=\"wp-block-column is-layout-flow wp-block-column-is-layout-flow\">\n<figure class=\"wp-block-image size-full\"><img decoding=\"async\" width=\"799\" height=\"533\" src=\"https:\/\/www.crpmna.fr\/wp-content\/uploads\/2025\/06\/54619595078_c31a940fb4_c.jpg\" alt=\"\" class=\"wp-image-4216\" srcset=\"https:\/\/www.crpmna.fr\/wp-content\/uploads\/2025\/06\/54619595078_c31a940fb4_c.jpg 799w, https:\/\/www.crpmna.fr\/wp-content\/uploads\/2025\/06\/54619595078_c31a940fb4_c-300x200.jpg 300w, https:\/\/www.crpmna.fr\/wp-content\/uploads\/2025\/06\/54619595078_c31a940fb4_c-768x512.jpg 768w\" sizes=\"(max-width: 799px) 100vw, 799px\" \/><\/figure>\n<\/div>\n\n\n\n<div class=\"wp-block-column is-layout-flow wp-block-column-is-layout-flow\">\n<figure class=\"wp-block-image size-full is-resized\"><img decoding=\"async\" width=\"799\" height=\"533\" src=\"https:\/\/www.crpmna.fr\/wp-content\/uploads\/2025\/06\/54619685805_18ae47ce89_c.jpg\" alt=\"\" class=\"wp-image-4217\" style=\"width:360px;height:auto\" srcset=\"https:\/\/www.crpmna.fr\/wp-content\/uploads\/2025\/06\/54619685805_18ae47ce89_c.jpg 799w, https:\/\/www.crpmna.fr\/wp-content\/uploads\/2025\/06\/54619685805_18ae47ce89_c-300x200.jpg 300w, https:\/\/www.crpmna.fr\/wp-content\/uploads\/2025\/06\/54619685805_18ae47ce89_c-768x512.jpg 768w\" sizes=\"(max-width: 799px) 100vw, 799px\" \/><\/figure>\n<\/div>\n\n\n\n<div class=\"wp-block-column is-layout-flow wp-block-column-is-layout-flow\">\n<figure class=\"wp-block-image size-full\"><img decoding=\"async\" width=\"799\" height=\"533\" src=\"https:\/\/www.crpmna.fr\/wp-content\/uploads\/2025\/06\/54620516640_9180ea2c43_c.jpg\" alt=\"\" class=\"wp-image-4218\" srcset=\"https:\/\/www.crpmna.fr\/wp-content\/uploads\/2025\/06\/54620516640_9180ea2c43_c.jpg 799w, https:\/\/www.crpmna.fr\/wp-content\/uploads\/2025\/06\/54620516640_9180ea2c43_c-300x200.jpg 300w, https:\/\/www.crpmna.fr\/wp-content\/uploads\/2025\/06\/54620516640_9180ea2c43_c-768x512.jpg 768w\" sizes=\"(max-width: 799px) 100vw, 799px\" \/><\/figure>\n<\/div>\n<\/div>\n\n\n\n<h4 class=\"wp-block-heading has-text-align-center\"><strong>Finales femmes et hommes<\/strong><\/h4>\n\n\n\n<p class=\"has-text-align-left\">Le dimanche 29 juin, les femmes ont disput\u00e9 la finale \u00e0 13h et les hommes \u00e0 17h30. Coline Flavin a termin\u00e9 7e et Mathilde Derval 9e.<\/p>\n\n\n\n<p>Les Fran\u00e7ais ont remport\u00e9 la 3e place par \u00e9quipe. En individuel, Diego Lavillat s\u2019est class\u00e9 9e, Schoen Florent 12e et Etienne Clergeau 16e.<\/p>\n\n\n\n<div style=\"height:13px\" aria-hidden=\"true\" class=\"wp-block-spacer\"><\/div>\n\n\n\n<div class=\"wp-block-columns is-layout-flex wp-container-core-columns-is-layout-28f84493 wp-block-columns-is-layout-flex\">\n<div class=\"wp-block-column is-layout-flow wp-block-column-is-layout-flow\" style=\"flex-basis:33.33%\">\n<figure class=\"wp-block-image size-full\"><img decoding=\"async\" width=\"799\" height=\"533\" src=\"https:\/\/www.crpmna.fr\/wp-content\/uploads\/2025\/06\/54620690092_3d6e652185_c.jpg\" alt=\"\" class=\"wp-image-4219\" srcset=\"https:\/\/www.crpmna.fr\/wp-content\/uploads\/2025\/06\/54620690092_3d6e652185_c.jpg 799w, https:\/\/www.crpmna.fr\/wp-content\/uploads\/2025\/06\/54620690092_3d6e652185_c-300x200.jpg 300w, https:\/\/www.crpmna.fr\/wp-content\/uploads\/2025\/06\/54620690092_3d6e652185_c-768x512.jpg 768w\" sizes=\"(max-width: 799px) 100vw, 799px\" \/><\/figure>\n<\/div>\n\n\n\n<div class=\"wp-block-column is-layout-flow wp-block-column-is-layout-flow\" style=\"flex-basis:33.33%\">\n<figure class=\"wp-block-image size-full\"><img decoding=\"async\" src=\"https:\/\/www.crpmna.fr\/wp-content\/uploads\/2025\/06\/54621878485_e4c40b368d_c.jpg\" alt=\"\" class=\"wp-image-4220\"\/><\/figure>\n<\/div>\n\n\n\n<div class=\"wp-block-column is-layout-flow wp-block-column-is-layout-flow\" style=\"flex-basis:33.33%\">\n<figure class=\"wp-block-image size-full\"><img decoding=\"async\" width=\"799\" height=\"533\" src=\"https:\/\/www.crpmna.fr\/wp-content\/uploads\/2025\/06\/54621882895_740409932e_c.jpg\" alt=\"\" class=\"wp-image-4221\" srcset=\"https:\/\/www.crpmna.fr\/wp-content\/uploads\/2025\/06\/54621882895_740409932e_c.jpg 799w, https:\/\/www.crpmna.fr\/wp-content\/uploads\/2025\/06\/54621882895_740409932e_c-300x200.jpg 300w, https:\/\/www.crpmna.fr\/wp-content\/uploads\/2025\/06\/54621882895_740409932e_c-768x512.jpg 768w\" sizes=\"(max-width: 799px) 100vw, 799px\" \/><\/figure>\n<\/div>\n<\/div>\n\n\n\n<div class=\"wp-block-columns is-layout-flex wp-container-core-columns-is-layout-28f84493 wp-block-columns-is-layout-flex\">\n<div class=\"wp-block-column is-layout-flow wp-block-column-is-layout-flow\" style=\"flex-basis:33.33%\">\n<figure class=\"wp-block-image size-full\"><img decoding=\"async\" width=\"799\" height=\"533\" src=\"https:\/\/www.crpmna.fr\/wp-content\/uploads\/2025\/06\/54623526894_301fe5b1d6_c.jpg\" alt=\"\" class=\"wp-image-4223\" srcset=\"https:\/\/www.crpmna.fr\/wp-content\/uploads\/2025\/06\/54623526894_301fe5b1d6_c.jpg 799w, https:\/\/www.crpmna.fr\/wp-content\/uploads\/2025\/06\/54623526894_301fe5b1d6_c-300x200.jpg 300w, https:\/\/www.crpmna.fr\/wp-content\/uploads\/2025\/06\/54623526894_301fe5b1d6_c-768x512.jpg 768w\" sizes=\"(max-width: 799px) 100vw, 799px\" \/><\/figure>\n<\/div>\n\n\n\n<div class=\"wp-block-column is-layout-flow wp-block-column-is-layout-flow\" style=\"flex-basis:33.33%\">\n<figure class=\"wp-block-image size-full\"><img decoding=\"async\" width=\"799\" height=\"533\" src=\"https:\/\/www.crpmna.fr\/wp-content\/uploads\/2025\/06\/54623601938_4b23b0048f_c.jpg\" alt=\"\" class=\"wp-image-4224\" srcset=\"https:\/\/www.crpmna.fr\/wp-content\/uploads\/2025\/06\/54623601938_4b23b0048f_c.jpg 799w, https:\/\/www.crpmna.fr\/wp-content\/uploads\/2025\/06\/54623601938_4b23b0048f_c-300x200.jpg 300w, https:\/\/www.crpmna.fr\/wp-content\/uploads\/2025\/06\/54623601938_4b23b0048f_c-768x512.jpg 768w\" sizes=\"(max-width: 799px) 100vw, 799px\" \/><\/figure>\n<\/div>\n\n\n\n<div class=\"wp-block-column is-layout-flow wp-block-column-is-layout-flow\" style=\"flex-basis:33.33%\">\n<figure class=\"wp-block-image size-full\"><img decoding=\"async\" width=\"799\" height=\"533\" src=\"https:\/\/www.crpmna.fr\/wp-content\/uploads\/2025\/06\/54623613460_531a749260_c.jpg\" alt=\"\" class=\"wp-image-4225\" srcset=\"https:\/\/www.crpmna.fr\/wp-content\/uploads\/2025\/06\/54623613460_531a749260_c.jpg 799w, https:\/\/www.crpmna.fr\/wp-content\/uploads\/2025\/06\/54623613460_531a749260_c-300x200.jpg 300w, https:\/\/www.crpmna.fr\/wp-content\/uploads\/2025\/06\/54623613460_531a749260_c-768x512.jpg 768w\" sizes=\"(max-width: 799px) 100vw, 799px\" \/><\/figure>\n<\/div>\n<\/div>\n\n\n\n<div style=\"height:12px\" aria-hidden=\"true\" class=\"wp-block-spacer\"><\/div>\n\n\n\n<p><em>\u00a9 photos : UIPM World Pentathlon \/ Vir\u00e1g Buza<\/em><\/p>\n\n\n\n<p>Consulter l&rsquo;int\u00e9gralit\u00e9 des r\u00e9sultats <a href=\"https:\/\/www.uipmworld.org\/event\/uipm-2025-pentathlon-junior-world-championships\">ici<\/a><\/p>\n","protected":false},"excerpt":{"rendered":"<p>Les Championnats du monde U22 ont eu lieu du 25 au 29 juin 2025 \u00e0 Sz\u00e9kesfeh\u00e9rv\u00e1r&nbsp;en&nbsp;Hongrie. Qualifications femmes Deux Fran\u00e7aises<\/p>\n","protected":false},"author":7,"featured_media":4220,"comment_status":"closed","ping_status":"closed","sticky":false,"template":"","format":"standard","meta":{"colormag_page_container_layout":"default_layout","colormag_page_sidebar_layout":"default_layout","advgb_blocks_editor_width":"","advgb_blocks_columns_visual_guide":"","ngg_post_thumbnail":0,"footnotes":""},"categories":[9,23],"tags":[],"class_list":["post-4192","post","type-post","status-publish","format-standard","has-post-thumbnail","hentry","category-competitions","category-pole-france-releve-pentathlon-moderne-nouvelle-aquitaine"],"yoast_head":"<!-- This site is optimized with the Yoast SEO plugin v27.5 - https:\/\/yoast.com\/product\/yoast-seo-wordpress\/ -->\n<title>Championnats du Monde U22 - CRPMNA<\/title>\n<meta name=\"description\" content=\"Les Championnats du monde U22 ont eu lieu du 25 au 29 juin 2025 \u00e0 Sz\u00e9kesfeh\u00e9rv\u00e1r\u00a0en\u00a0Hongrie.\" \/>\n<meta name=\"robots\" content=\"index, follow, max-snippet:-1, max-image-preview:large, max-video-preview:-1\" \/>\n<link rel=\"canonical\" href=\"https:\/\/www.crpmna.fr\/index.php\/2025\/06\/30\/championnats-du-monde-u22\/\" \/>\n<meta property=\"og:locale\" content=\"fr_FR\" \/>\n<meta property=\"og:type\" content=\"article\" \/>\n<meta property=\"og:title\" content=\"Championnats du Monde U22 - CRPMNA\" \/>\n<meta property=\"og:description\" content=\"Les Championnats du monde U22 ont eu lieu du 25 au 29 juin 2025 \u00e0 Sz\u00e9kesfeh\u00e9rv\u00e1r\u00a0en\u00a0Hongrie.\" \/>\n<meta property=\"og:url\" content=\"https:\/\/www.crpmna.fr\/index.php\/2025\/06\/30\/championnats-du-monde-u22\/\" \/>\n<meta property=\"og:site_name\" content=\"CRPMNA\" \/>\n<meta property=\"article:publisher\" content=\"https:\/\/www.facebook.com\/crpmna.fr\" \/>\n<meta property=\"article:published_time\" content=\"2025-06-30T14:49:52+00:00\" \/>\n<meta property=\"article:modified_time\" content=\"2025-07-08T07:03:18+00:00\" \/>\n<meta property=\"og:image\" content=\"https:\/\/www.crpmna.fr\/wp-content\/uploads\/2025\/06\/54621878485_e4c40b368d_c-e1751294885540.jpg\" \/>\n\t<meta property=\"og:image:width\" content=\"799\" \/>\n\t<meta property=\"og:image:height\" content=\"368\" \/>\n\t<meta property=\"og:image:type\" content=\"image\/jpeg\" \/>\n<meta name=\"author\" content=\"Lisa ASQUOET\" \/>\n<meta name=\"twitter:card\" content=\"summary_large_image\" \/>\n<meta name=\"twitter:label1\" content=\"\u00c9crit par\" \/>\n\t<meta name=\"twitter:data1\" content=\"Lisa ASQUOET\" \/>\n\t<meta name=\"twitter:label2\" content=\"Dur\u00e9e de lecture estim\u00e9e\" \/>\n\t<meta name=\"twitter:data2\" content=\"5 minutes\" \/>\n<script type=\"application\/ld+json\" class=\"yoast-schema-graph\">{\"@context\":\"https:\\\/\\\/schema.org\",\"@graph\":[{\"@type\":\"Article\",\"@id\":\"https:\\\/\\\/www.crpmna.fr\\\/index.php\\\/2025\\\/06\\\/30\\\/championnats-du-monde-u22\\\/#article\",\"isPartOf\":{\"@id\":\"https:\\\/\\\/www.crpmna.fr\\\/index.php\\\/2025\\\/06\\\/30\\\/championnats-du-monde-u22\\\/\"},\"author\":{\"name\":\"Lisa ASQUOET\",\"@id\":\"https:\\\/\\\/www.crpmna.fr\\\/#\\\/schema\\\/person\\\/b3fc933d145bb46a51b572aebe3de5fb\"},\"headline\":\"Championnats du Monde U22\",\"datePublished\":\"2025-06-30T14:49:52+00:00\",\"dateModified\":\"2025-07-08T07:03:18+00:00\",\"mainEntityOfPage\":{\"@id\":\"https:\\\/\\\/www.crpmna.fr\\\/index.php\\\/2025\\\/06\\\/30\\\/championnats-du-monde-u22\\\/\"},\"wordCount\":238,\"publisher\":{\"@id\":\"https:\\\/\\\/www.crpmna.fr\\\/#organization\"},\"image\":{\"@id\":\"https:\\\/\\\/www.crpmna.fr\\\/index.php\\\/2025\\\/06\\\/30\\\/championnats-du-monde-u22\\\/#primaryimage\"},\"thumbnailUrl\":\"https:\\\/\\\/www.crpmna.fr\\\/wp-content\\\/uploads\\\/2025\\\/06\\\/54621878485_e4c40b368d_c-e1751294885540.jpg\",\"articleSection\":[\"Comp\u00e9titions\",\"P\u00f4le France Rel\u00e8ve Pentathlon Moderne Nouvelle-Aquitaine\"],\"inLanguage\":\"fr-FR\"},{\"@type\":\"WebPage\",\"@id\":\"https:\\\/\\\/www.crpmna.fr\\\/index.php\\\/2025\\\/06\\\/30\\\/championnats-du-monde-u22\\\/\",\"url\":\"https:\\\/\\\/www.crpmna.fr\\\/index.php\\\/2025\\\/06\\\/30\\\/championnats-du-monde-u22\\\/\",\"name\":\"Championnats du Monde U22 - CRPMNA\",\"isPartOf\":{\"@id\":\"https:\\\/\\\/www.crpmna.fr\\\/#website\"},\"primaryImageOfPage\":{\"@id\":\"https:\\\/\\\/www.crpmna.fr\\\/index.php\\\/2025\\\/06\\\/30\\\/championnats-du-monde-u22\\\/#primaryimage\"},\"image\":{\"@id\":\"https:\\\/\\\/www.crpmna.fr\\\/index.php\\\/2025\\\/06\\\/30\\\/championnats-du-monde-u22\\\/#primaryimage\"},\"thumbnailUrl\":\"https:\\\/\\\/www.crpmna.fr\\\/wp-content\\\/uploads\\\/2025\\\/06\\\/54621878485_e4c40b368d_c-e1751294885540.jpg\",\"datePublished\":\"2025-06-30T14:49:52+00:00\",\"dateModified\":\"2025-07-08T07:03:18+00:00\",\"description\":\"Les Championnats du monde U22 ont eu lieu du 25 au 29 juin 2025 \u00e0 Sz\u00e9kesfeh\u00e9rv\u00e1r\u00a0en\u00a0Hongrie.\",\"breadcrumb\":{\"@id\":\"https:\\\/\\\/www.crpmna.fr\\\/index.php\\\/2025\\\/06\\\/30\\\/championnats-du-monde-u22\\\/#breadcrumb\"},\"inLanguage\":\"fr-FR\",\"potentialAction\":[{\"@type\":\"ReadAction\",\"target\":[\"https:\\\/\\\/www.crpmna.fr\\\/index.php\\\/2025\\\/06\\\/30\\\/championnats-du-monde-u22\\\/\"]}]},{\"@type\":\"ImageObject\",\"inLanguage\":\"fr-FR\",\"@id\":\"https:\\\/\\\/www.crpmna.fr\\\/index.php\\\/2025\\\/06\\\/30\\\/championnats-du-monde-u22\\\/#primaryimage\",\"url\":\"https:\\\/\\\/www.crpmna.fr\\\/wp-content\\\/uploads\\\/2025\\\/06\\\/54621878485_e4c40b368d_c-e1751294885540.jpg\",\"contentUrl\":\"https:\\\/\\\/www.crpmna.fr\\\/wp-content\\\/uploads\\\/2025\\\/06\\\/54621878485_e4c40b368d_c-e1751294885540.jpg\",\"width\":799,\"height\":368},{\"@type\":\"BreadcrumbList\",\"@id\":\"https:\\\/\\\/www.crpmna.fr\\\/index.php\\\/2025\\\/06\\\/30\\\/championnats-du-monde-u22\\\/#breadcrumb\",\"itemListElement\":[{\"@type\":\"ListItem\",\"position\":1,\"name\":\"Home\",\"item\":\"https:\\\/\\\/www.crpmna.fr\\\/\"},{\"@type\":\"ListItem\",\"position\":2,\"name\":\"Championnats du Monde U22\"}]},{\"@type\":\"WebSite\",\"@id\":\"https:\\\/\\\/www.crpmna.fr\\\/#website\",\"url\":\"https:\\\/\\\/www.crpmna.fr\\\/\",\"name\":\"CRPMNA\",\"description\":\"Organiser et d\u00e9velopper la pratique du pentathlon moderne en Nouvelle Aquitaine\",\"publisher\":{\"@id\":\"https:\\\/\\\/www.crpmna.fr\\\/#organization\"},\"alternateName\":\"Comit\u00e9 R\u00e9gional de Pentathlon Moderne de Nouvelle-Aquitaine\",\"potentialAction\":[{\"@type\":\"SearchAction\",\"target\":{\"@type\":\"EntryPoint\",\"urlTemplate\":\"https:\\\/\\\/www.crpmna.fr\\\/?s={search_term_string}\"},\"query-input\":{\"@type\":\"PropertyValueSpecification\",\"valueRequired\":true,\"valueName\":\"search_term_string\"}}],\"inLanguage\":\"fr-FR\"},{\"@type\":\"Organization\",\"@id\":\"https:\\\/\\\/www.crpmna.fr\\\/#organization\",\"name\":\"CRPMNA\",\"alternateName\":\"Comit\u00e9 R\u00e9gional de Pentathlon Moderne de Nouvelle-Aquitaine\",\"url\":\"https:\\\/\\\/www.crpmna.fr\\\/\",\"logo\":{\"@type\":\"ImageObject\",\"inLanguage\":\"fr-FR\",\"@id\":\"https:\\\/\\\/www.crpmna.fr\\\/#\\\/schema\\\/logo\\\/image\\\/\",\"url\":\"https:\\\/\\\/www.crpmna.fr\\\/wp-content\\\/uploads\\\/2023\\\/10\\\/Logo-CRPMNA-noir-sans-fond.png\",\"contentUrl\":\"https:\\\/\\\/www.crpmna.fr\\\/wp-content\\\/uploads\\\/2023\\\/10\\\/Logo-CRPMNA-noir-sans-fond.png\",\"width\":2364,\"height\":2363,\"caption\":\"CRPMNA\"},\"image\":{\"@id\":\"https:\\\/\\\/www.crpmna.fr\\\/#\\\/schema\\\/logo\\\/image\\\/\"},\"sameAs\":[\"https:\\\/\\\/www.facebook.com\\\/crpmna.fr\",\"https:\\\/\\\/www.instagram.com\\\/crpmna\\\/\",\"https:\\\/\\\/www.youtube.com\\\/channel\\\/UCsnwnBbuM8lu46ibC6H2jEA\",\"https:\\\/\\\/www.linkedin.com\\\/company\\\/89200652\\\/admin\\\/\"]},{\"@type\":\"Person\",\"@id\":\"https:\\\/\\\/www.crpmna.fr\\\/#\\\/schema\\\/person\\\/b3fc933d145bb46a51b572aebe3de5fb\",\"name\":\"Lisa ASQUOET\",\"image\":{\"@type\":\"ImageObject\",\"inLanguage\":\"fr-FR\",\"@id\":\"https:\\\/\\\/secure.gravatar.com\\\/avatar\\\/9d9a776cc9779721f4b377fb9c88bd207820eeaf91bd727145ca82ccf271c261?s=96&d=mm&r=g\",\"url\":\"https:\\\/\\\/secure.gravatar.com\\\/avatar\\\/9d9a776cc9779721f4b377fb9c88bd207820eeaf91bd727145ca82ccf271c261?s=96&d=mm&r=g\",\"contentUrl\":\"https:\\\/\\\/secure.gravatar.com\\\/avatar\\\/9d9a776cc9779721f4b377fb9c88bd207820eeaf91bd727145ca82ccf271c261?s=96&d=mm&r=g\",\"caption\":\"Lisa ASQUOET\"},\"sameAs\":[\"http:\\\/\\\/www.crpmna.fr\"],\"url\":\"https:\\\/\\\/www.crpmna.fr\\\/index.php\\\/author\\\/charge-communication\\\/\"}]}<\/script>\n<!-- \/ Yoast SEO plugin. -->","yoast_head_json":{"title":"Championnats du Monde U22 - CRPMNA","description":"Les Championnats du monde U22 ont eu lieu du 25 au 29 juin 2025 \u00e0 Sz\u00e9kesfeh\u00e9rv\u00e1r\u00a0en\u00a0Hongrie.","robots":{"index":"index","follow":"follow","max-snippet":"max-snippet:-1","max-image-preview":"max-image-preview:large","max-video-preview":"max-video-preview:-1"},"canonical":"https:\/\/www.crpmna.fr\/index.php\/2025\/06\/30\/championnats-du-monde-u22\/","og_locale":"fr_FR","og_type":"article","og_title":"Championnats du Monde U22 - CRPMNA","og_description":"Les Championnats du monde U22 ont eu lieu du 25 au 29 juin 2025 \u00e0 Sz\u00e9kesfeh\u00e9rv\u00e1r\u00a0en\u00a0Hongrie.","og_url":"https:\/\/www.crpmna.fr\/index.php\/2025\/06\/30\/championnats-du-monde-u22\/","og_site_name":"CRPMNA","article_publisher":"https:\/\/www.facebook.com\/crpmna.fr","article_published_time":"2025-06-30T14:49:52+00:00","article_modified_time":"2025-07-08T07:03:18+00:00","og_image":[{"width":799,"height":368,"url":"https:\/\/www.crpmna.fr\/wp-content\/uploads\/2025\/06\/54621878485_e4c40b368d_c-e1751294885540.jpg","type":"image\/jpeg"}],"author":"Lisa ASQUOET","twitter_card":"summary_large_image","twitter_misc":{"\u00c9crit par":"Lisa ASQUOET","Dur\u00e9e de lecture estim\u00e9e":"5 minutes"},"schema":{"@context":"https:\/\/schema.org","@graph":[{"@type":"Article","@id":"https:\/\/www.crpmna.fr\/index.php\/2025\/06\/30\/championnats-du-monde-u22\/#article","isPartOf":{"@id":"https:\/\/www.crpmna.fr\/index.php\/2025\/06\/30\/championnats-du-monde-u22\/"},"author":{"name":"Lisa ASQUOET","@id":"https:\/\/www.crpmna.fr\/#\/schema\/person\/b3fc933d145bb46a51b572aebe3de5fb"},"headline":"Championnats du Monde U22","datePublished":"2025-06-30T14:49:52+00:00","dateModified":"2025-07-08T07:03:18+00:00","mainEntityOfPage":{"@id":"https:\/\/www.crpmna.fr\/index.php\/2025\/06\/30\/championnats-du-monde-u22\/"},"wordCount":238,"publisher":{"@id":"https:\/\/www.crpmna.fr\/#organization"},"image":{"@id":"https:\/\/www.crpmna.fr\/index.php\/2025\/06\/30\/championnats-du-monde-u22\/#primaryimage"},"thumbnailUrl":"https:\/\/www.crpmna.fr\/wp-content\/uploads\/2025\/06\/54621878485_e4c40b368d_c-e1751294885540.jpg","articleSection":["Comp\u00e9titions","P\u00f4le France Rel\u00e8ve Pentathlon Moderne Nouvelle-Aquitaine"],"inLanguage":"fr-FR"},{"@type":"WebPage","@id":"https:\/\/www.crpmna.fr\/index.php\/2025\/06\/30\/championnats-du-monde-u22\/","url":"https:\/\/www.crpmna.fr\/index.php\/2025\/06\/30\/championnats-du-monde-u22\/","name":"Championnats du Monde U22 - CRPMNA","isPartOf":{"@id":"https:\/\/www.crpmna.fr\/#website"},"primaryImageOfPage":{"@id":"https:\/\/www.crpmna.fr\/index.php\/2025\/06\/30\/championnats-du-monde-u22\/#primaryimage"},"image":{"@id":"https:\/\/www.crpmna.fr\/index.php\/2025\/06\/30\/championnats-du-monde-u22\/#primaryimage"},"thumbnailUrl":"https:\/\/www.crpmna.fr\/wp-content\/uploads\/2025\/06\/54621878485_e4c40b368d_c-e1751294885540.jpg","datePublished":"2025-06-30T14:49:52+00:00","dateModified":"2025-07-08T07:03:18+00:00","description":"Les Championnats du monde U22 ont eu lieu du 25 au 29 juin 2025 \u00e0 Sz\u00e9kesfeh\u00e9rv\u00e1r\u00a0en\u00a0Hongrie.","breadcrumb":{"@id":"https:\/\/www.crpmna.fr\/index.php\/2025\/06\/30\/championnats-du-monde-u22\/#breadcrumb"},"inLanguage":"fr-FR","potentialAction":[{"@type":"ReadAction","target":["https:\/\/www.crpmna.fr\/index.php\/2025\/06\/30\/championnats-du-monde-u22\/"]}]},{"@type":"ImageObject","inLanguage":"fr-FR","@id":"https:\/\/www.crpmna.fr\/index.php\/2025\/06\/30\/championnats-du-monde-u22\/#primaryimage","url":"https:\/\/www.crpmna.fr\/wp-content\/uploads\/2025\/06\/54621878485_e4c40b368d_c-e1751294885540.jpg","contentUrl":"https:\/\/www.crpmna.fr\/wp-content\/uploads\/2025\/06\/54621878485_e4c40b368d_c-e1751294885540.jpg","width":799,"height":368},{"@type":"BreadcrumbList","@id":"https:\/\/www.crpmna.fr\/index.php\/2025\/06\/30\/championnats-du-monde-u22\/#breadcrumb","itemListElement":[{"@type":"ListItem","position":1,"name":"Home","item":"https:\/\/www.crpmna.fr\/"},{"@type":"ListItem","position":2,"name":"Championnats du Monde U22"}]},{"@type":"WebSite","@id":"https:\/\/www.crpmna.fr\/#website","url":"https:\/\/www.crpmna.fr\/","name":"CRPMNA","description":"Organiser et d\u00e9velopper la pratique du pentathlon moderne en Nouvelle Aquitaine","publisher":{"@id":"https:\/\/www.crpmna.fr\/#organization"},"alternateName":"Comit\u00e9 R\u00e9gional de Pentathlon Moderne de Nouvelle-Aquitaine","potentialAction":[{"@type":"SearchAction","target":{"@type":"EntryPoint","urlTemplate":"https:\/\/www.crpmna.fr\/?s={search_term_string}"},"query-input":{"@type":"PropertyValueSpecification","valueRequired":true,"valueName":"search_term_string"}}],"inLanguage":"fr-FR"},{"@type":"Organization","@id":"https:\/\/www.crpmna.fr\/#organization","name":"CRPMNA","alternateName":"Comit\u00e9 R\u00e9gional de Pentathlon Moderne de Nouvelle-Aquitaine","url":"https:\/\/www.crpmna.fr\/","logo":{"@type":"ImageObject","inLanguage":"fr-FR","@id":"https:\/\/www.crpmna.fr\/#\/schema\/logo\/image\/","url":"https:\/\/www.crpmna.fr\/wp-content\/uploads\/2023\/10\/Logo-CRPMNA-noir-sans-fond.png","contentUrl":"https:\/\/www.crpmna.fr\/wp-content\/uploads\/2023\/10\/Logo-CRPMNA-noir-sans-fond.png","width":2364,"height":2363,"caption":"CRPMNA"},"image":{"@id":"https:\/\/www.crpmna.fr\/#\/schema\/logo\/image\/"},"sameAs":["https:\/\/www.facebook.com\/crpmna.fr","https:\/\/www.instagram.com\/crpmna\/","https:\/\/www.youtube.com\/channel\/UCsnwnBbuM8lu46ibC6H2jEA","https:\/\/www.linkedin.com\/company\/89200652\/admin\/"]},{"@type":"Person","@id":"https:\/\/www.crpmna.fr\/#\/schema\/person\/b3fc933d145bb46a51b572aebe3de5fb","name":"Lisa ASQUOET","image":{"@type":"ImageObject","inLanguage":"fr-FR","@id":"https:\/\/secure.gravatar.com\/avatar\/9d9a776cc9779721f4b377fb9c88bd207820eeaf91bd727145ca82ccf271c261?s=96&d=mm&r=g","url":"https:\/\/secure.gravatar.com\/avatar\/9d9a776cc9779721f4b377fb9c88bd207820eeaf91bd727145ca82ccf271c261?s=96&d=mm&r=g","contentUrl":"https:\/\/secure.gravatar.com\/avatar\/9d9a776cc9779721f4b377fb9c88bd207820eeaf91bd727145ca82ccf271c261?s=96&d=mm&r=g","caption":"Lisa ASQUOET"},"sameAs":["http:\/\/www.crpmna.fr"],"url":"https:\/\/www.crpmna.fr\/index.php\/author\/charge-communication\/"}]}},"author_meta":{"display_name":"Lisa ASQUOET","author_link":"https:\/\/www.crpmna.fr\/index.php\/author\/charge-communication\/"},"featured_img":"https:\/\/www.crpmna.fr\/wp-content\/uploads\/2025\/06\/54621878485_e4c40b368d_c-e1751294885540-300x138.jpg","coauthors":[],"tax_additional":{"categories":{"linked":["<a href=\"https:\/\/www.crpmna.fr\/index.php\/category\/competitions\/\" class=\"advgb-post-tax-term\">Comp\u00e9titions<\/a>","<a href=\"https:\/\/www.crpmna.fr\/index.php\/category\/pole-france-releve-pentathlon-moderne-nouvelle-aquitaine\/\" class=\"advgb-post-tax-term\">P\u00f4le France Rel\u00e8ve Pentathlon Moderne Nouvelle-Aquitaine<\/a>"],"unlinked":["<span class=\"advgb-post-tax-term\">Comp\u00e9titions<\/span>","<span class=\"advgb-post-tax-term\">P\u00f4le France Rel\u00e8ve Pentathlon Moderne Nouvelle-Aquitaine<\/span>"]}},"comment_count":"0","relative_dates":{"created":"Publi\u00e9 10 mois il y a","modified":"Mis \u00e0 jour 10 mois il y a"},"absolute_dates":{"created":"Publi\u00e9 le 30 juin 2025","modified":"Mise \u00e0 jour le 8 juillet 2025"},"absolute_dates_time":{"created":"Publi\u00e9 le 30 juin 2025 16 h 49 min","modified":"Mise \u00e0 jour le 8 juillet 2025 9 h 03 min"},"featured_img_caption":"","series_order":"","_links":{"self":[{"href":"https:\/\/www.crpmna.fr\/index.php\/wp-json\/wp\/v2\/posts\/4192","targetHints":{"allow":["GET"]}}],"collection":[{"href":"https:\/\/www.crpmna.fr\/index.php\/wp-json\/wp\/v2\/posts"}],"about":[{"href":"https:\/\/www.crpmna.fr\/index.php\/wp-json\/wp\/v2\/types\/post"}],"author":[{"embeddable":true,"href":"https:\/\/www.crpmna.fr\/index.php\/wp-json\/wp\/v2\/users\/7"}],"replies":[{"embeddable":true,"href":"https:\/\/www.crpmna.fr\/index.php\/wp-json\/wp\/v2\/comments?post=4192"}],"version-history":[{"count":8,"href":"https:\/\/www.crpmna.fr\/index.php\/wp-json\/wp\/v2\/posts\/4192\/revisions"}],"predecessor-version":[{"id":4257,"href":"https:\/\/www.crpmna.fr\/index.php\/wp-json\/wp\/v2\/posts\/4192\/revisions\/4257"}],"wp:featuredmedia":[{"embeddable":true,"href":"https:\/\/www.crpmna.fr\/index.php\/wp-json\/wp\/v2\/media\/4220"}],"wp:attachment":[{"href":"https:\/\/www.crpmna.fr\/index.php\/wp-json\/wp\/v2\/media?parent=4192"}],"wp:term":[{"taxonomy":"category","embeddable":true,"href":"https:\/\/www.crpmna.fr\/index.php\/wp-json\/wp\/v2\/categories?post=4192"},{"taxonomy":"post_tag","embeddable":true,"href":"https:\/\/www.crpmna.fr\/index.php\/wp-json\/wp\/v2\/tags?post=4192"}],"curies":[{"name":"wp","href":"https:\/\/api.w.org\/{rel}","templated":true}]}}