{"id":4259,"date":"2025-07-08T14:52:32","date_gmt":"2025-07-08T12:52:32","guid":{"rendered":"https:\/\/www.crpmna.fr\/?p=4259"},"modified":"2025-07-08T15:14:40","modified_gmt":"2025-07-08T13:14:40","slug":"finale-de-la-coupe-du-monde-senior","status":"publish","type":"post","link":"https:\/\/www.crpmna.fr\/index.php\/2025\/07\/08\/finale-de-la-coupe-du-monde-senior\/","title":{"rendered":"Finale de la Coupe du Monde Senior"},"content":{"rendered":"\n<p>La Finale de la Coupe du monde s\u2019est d\u00e9roul\u00e9e du 3 au 6 juillet \u00e0 Alexandrie en Egypte.<\/p>\n\n\n\n<p><strong>Voici la liste des pentathl\u00e8tes fran\u00e7ais :<\/strong><\/p>\n\n\n\n<div class=\"wp-block-columns is-layout-flex wp-container-core-columns-is-layout-28f84493 wp-block-columns-is-layout-flex\">\n<div class=\"wp-block-column is-layout-flow wp-block-column-is-layout-flow\">\n<p><strong>Femmes&nbsp;<\/strong><\/p>\n\n\n\n<ul class=\"wp-block-list\">\n<li>Rebecca CASTAUDI (Noyon)<\/li>\n\n\n\n<li>Louison CAZALY (Bordeaux)<\/li>\n\n\n\n<li>Coline FLAVIN (Bordeaux)<\/li>\n<\/ul>\n<\/div>\n\n\n\n<div class=\"wp-block-column is-layout-flow wp-block-column-is-layout-flow\">\n<p><strong>Hommes<\/strong><\/p>\n\n\n\n<ul class=\"wp-block-list\">\n<li>Valentin BELAUD (VGA)<\/li>\n\n\n\n<li>Ugo FLEUROT (VGA)<\/li>\n\n\n\n<li>Jean-Baptiste MOURCIA (RMA)<\/li>\n<\/ul>\n<\/div>\n<\/div>\n\n\n\n<p><strong>L\u2019encadrement technique \u00e9tait compos\u00e9 de :<\/strong><\/p>\n\n\n\n<ul class=\"wp-block-list\">\n<li>ROUDAUT Christian (Directeur Technique National)<\/li>\n\n\n\n<li>MAILLARD C\u00e9dric (Entra\u00eeneur National)<\/li>\n\n\n\n<li>MASSON Leslie (INSEP)<\/li>\n\n\n\n<li>PUIGSEGUR Laurent (Entra\u00eeneur National)<\/li>\n\n\n\n<li>MARCHISSET Basile (Kin\u00e9sith\u00e9rapeute)<\/li>\n\n\n\n<li>NESTORET Maguy (ANS)<\/li>\n<\/ul>\n\n\n\n<p class=\"has-text-align-center\"><\/p>\n\n\n\n<h4 class=\"wp-block-heading has-text-align-center\"><strong>LES DEMI-FINALES<\/strong><\/h4>\n\n\n\n<p>La demi-finale des filles \u00e9tait le 4 juillet.<\/p>\n\n\n\n<p><strong>Coline Flavin&nbsp;<\/strong>s\u2019est class\u00e9e 2e de la demi-finale A avec 1381 points, elle r\u00e9alise le deuxi\u00e8me meilleure temps de l\u2019\u00e9preuve obstacle en 00:40.82. Elle remporte 244 points lors de l\u2019\u00e9preuve d\u2019escrime, nage en 02:27.63 et termine le laser run en 12:21.94 .<\/p>\n\n\n\n<p><strong>Louison Cazaly<\/strong>&nbsp;s\u2019est class\u00e9e 6e de la demi-finale B avec 1379 points, elle r\u00e9alise un temps de 00:48.28 lors de l\u2019\u00e9preuve obstacle. Elle remporte 226 points lors de l\u2019\u00e9preuve d\u2019escrime, nage en 02:20.21 et termine le laser run en 11:58.46 .<\/p>\n\n\n\n<p><strong>Rebecca Castaudi<\/strong>&nbsp;a fini 1\u00e8re de la demi-finale B.<\/p>\n\n\n\n<div class=\"wp-block-columns is-layout-flex wp-container-core-columns-is-layout-28f84493 wp-block-columns-is-layout-flex\">\n<div class=\"wp-block-column is-layout-flow wp-block-column-is-layout-flow\">\n<figure class=\"wp-block-image aligncenter size-full is-resized\"><img decoding=\"async\" width=\"679\" height=\"509\" src=\"https:\/\/www.crpmna.fr\/wp-content\/uploads\/2025\/07\/54633035348_31f1e07b2f_c-edited.jpg\" alt=\"\" class=\"wp-image-4264\" style=\"width:343px;height:auto\" srcset=\"https:\/\/www.crpmna.fr\/wp-content\/uploads\/2025\/07\/54633035348_31f1e07b2f_c-edited.jpg 679w, https:\/\/www.crpmna.fr\/wp-content\/uploads\/2025\/07\/54633035348_31f1e07b2f_c-edited-300x225.jpg 300w\" sizes=\"(max-width: 679px) 100vw, 679px\" \/><\/figure>\n<\/div>\n\n\n\n<div class=\"wp-block-column is-layout-flow wp-block-column-is-layout-flow\">\n<figure class=\"wp-block-image aligncenter size-full is-resized\"><img decoding=\"async\" width=\"712\" height=\"534\" src=\"https:\/\/www.crpmna.fr\/wp-content\/uploads\/2025\/07\/54633034713_4d419df652_c-edited.jpg\" alt=\"\" class=\"wp-image-4263\" style=\"width:344px;height:auto\" srcset=\"https:\/\/www.crpmna.fr\/wp-content\/uploads\/2025\/07\/54633034713_4d419df652_c-edited.jpg 712w, https:\/\/www.crpmna.fr\/wp-content\/uploads\/2025\/07\/54633034713_4d419df652_c-edited-300x225.jpg 300w\" sizes=\"(max-width: 712px) 100vw, 712px\" \/><\/figure>\n<\/div>\n\n\n\n<div class=\"wp-block-column is-layout-flow wp-block-column-is-layout-flow\">\n<figure class=\"wp-block-image size-full\"><img decoding=\"async\" width=\"615\" height=\"461\" src=\"https:\/\/www.crpmna.fr\/wp-content\/uploads\/2025\/07\/54633466939_1e1b1f8038_c-edited.jpg\" alt=\"\" class=\"wp-image-4266\" srcset=\"https:\/\/www.crpmna.fr\/wp-content\/uploads\/2025\/07\/54633466939_1e1b1f8038_c-edited.jpg 615w, https:\/\/www.crpmna.fr\/wp-content\/uploads\/2025\/07\/54633466939_1e1b1f8038_c-edited-300x225.jpg 300w\" sizes=\"(max-width: 615px) 100vw, 615px\" \/><\/figure>\n<\/div>\n\n\n\n<div class=\"wp-block-column is-layout-flow wp-block-column-is-layout-flow\">\n<figure class=\"wp-block-image size-full\"><img decoding=\"async\" width=\"644\" height=\"483\" src=\"https:\/\/www.crpmna.fr\/wp-content\/uploads\/2025\/07\/54633561770_a1d5d58444_c-edited.jpg\" alt=\"\" class=\"wp-image-4268\" srcset=\"https:\/\/www.crpmna.fr\/wp-content\/uploads\/2025\/07\/54633561770_a1d5d58444_c-edited.jpg 644w, https:\/\/www.crpmna.fr\/wp-content\/uploads\/2025\/07\/54633561770_a1d5d58444_c-edited-300x225.jpg 300w\" sizes=\"(max-width: 644px) 100vw, 644px\" \/><\/figure>\n<\/div>\n<\/div>\n\n\n\n<p class=\"has-text-align-center\"><em><em>\u00a9 photos : UIPM World Pentathlon \/ Nuno Gon\u00e7alves<\/em><\/em><\/p>\n\n\n\n<p>Lors de la demi-finale des hommes le 5 juillet, <strong>Jean-Baptiste<\/strong> <strong>Mourcia<\/strong> termine 3e, suivi de <strong><strong>Ugo Fleurot<\/strong><\/strong> \u00e0 la 5e place du groupe A.<\/p>\n\n\n\n<p>Dans le groupe B,  <strong>Valentin Belaud<\/strong> finit 6e.<\/p>\n\n\n\n<p><\/p>\n\n\n\n<h4 class=\"wp-block-heading has-text-align-center\"><strong>LA FINALE<\/strong><\/h4>\n\n\n\n<p>Le 6 juillet, <strong><strong>Ugo Fleurot<\/strong><\/strong> remporte la m\u00e9daille de bronze !<\/p>\n\n\n\n<p><strong>Jean-Baptiste<\/strong> <strong>Mourcia<\/strong> finit 4e et <strong>Valentin Belaud<\/strong> termine&nbsp;17e.<\/p>\n\n\n\n<p><\/p>\n\n\n\n<p><strong>Coline Flavin <\/strong>r\u00e9alise le cinqui\u00e8me meilleur temps lors de l&rsquo;\u00e9preuve d&rsquo;obstacles (00:38.27), elle remporte 228 point lors de l&rsquo;escrime. Elle nage en 02:23.56 et termine le combin\u00e9 en 11:44.64. <strong>Coline<\/strong> finit \u00e0 la&nbsp;6\u00e8me&nbsp;place avec 1418 points.<\/p>\n\n\n\n<p>Lors de l&rsquo;\u00e9preuve d&rsquo;escrime, <strong><strong>Louison Cazaly<\/strong><\/strong> a remport\u00e9 214 points. Elle obtient le septi\u00e8me meilleur temps lors de l&rsquo;\u00e9preuve d&rsquo;obstacles (00:40.09), r\u00e9alise un temps de natation de 02:20.45 et termine le combin\u00e9 en 11:43.55. <strong>Louison<\/strong> termine \u00e0 la 9e place.<\/p>\n\n\n\n<p><strong>Rebecca Castaudi<\/strong> finit \u00e0 la&nbsp;7\u00e8me&nbsp;place avec 1410 points.<\/p>\n\n\n\n<p><\/p>\n\n\n\n<p>Bravo \u00e0 tous pour leurs r\u00e9sultats !<\/p>\n\n\n\n<div class=\"wp-block-columns is-layout-flex wp-container-core-columns-is-layout-28f84493 wp-block-columns-is-layout-flex\">\n<div class=\"wp-block-column is-layout-flow wp-block-column-is-layout-flow\">\n<figure class=\"wp-block-image size-full\"><img decoding=\"async\" width=\"721\" height=\"541\" src=\"https:\/\/www.crpmna.fr\/wp-content\/uploads\/2025\/07\/54636688934_a1c063a5e0_c-edited.jpg\" alt=\"\" class=\"wp-image-4281\" srcset=\"https:\/\/www.crpmna.fr\/wp-content\/uploads\/2025\/07\/54636688934_a1c063a5e0_c-edited.jpg 721w, https:\/\/www.crpmna.fr\/wp-content\/uploads\/2025\/07\/54636688934_a1c063a5e0_c-edited-300x225.jpg 300w\" sizes=\"(max-width: 721px) 100vw, 721px\" \/><\/figure>\n<\/div>\n\n\n\n<div class=\"wp-block-column is-layout-flow wp-block-column-is-layout-flow\">\n<figure class=\"wp-block-image size-full\"><img decoding=\"async\" width=\"735\" height=\"551\" src=\"https:\/\/www.crpmna.fr\/wp-content\/uploads\/2025\/07\/54636715698_516bc306c8_c-edited.jpg\" alt=\"\" class=\"wp-image-4284\" srcset=\"https:\/\/www.crpmna.fr\/wp-content\/uploads\/2025\/07\/54636715698_516bc306c8_c-edited.jpg 735w, https:\/\/www.crpmna.fr\/wp-content\/uploads\/2025\/07\/54636715698_516bc306c8_c-edited-300x225.jpg 300w\" sizes=\"(max-width: 735px) 100vw, 735px\" \/><\/figure>\n<\/div>\n\n\n\n<div class=\"wp-block-column is-layout-flow wp-block-column-is-layout-flow\">\n<figure class=\"wp-block-image size-full\"><img decoding=\"async\" width=\"673\" height=\"505\" src=\"https:\/\/www.crpmna.fr\/wp-content\/uploads\/2025\/07\/54636472151_0a18017910_c-edited.jpg\" alt=\"\" class=\"wp-image-4280\" srcset=\"https:\/\/www.crpmna.fr\/wp-content\/uploads\/2025\/07\/54636472151_0a18017910_c-edited.jpg 673w, https:\/\/www.crpmna.fr\/wp-content\/uploads\/2025\/07\/54636472151_0a18017910_c-edited-300x225.jpg 300w\" sizes=\"(max-width: 673px) 100vw, 673px\" \/><\/figure>\n<\/div>\n\n\n\n<div class=\"wp-block-column is-layout-flow wp-block-column-is-layout-flow\">\n<figure class=\"wp-block-image size-full\"><img decoding=\"async\" width=\"763\" height=\"572\" src=\"https:\/\/www.crpmna.fr\/wp-content\/uploads\/2025\/07\/54636778085_c8e019403d_c-edited.jpg\" alt=\"\" class=\"wp-image-4279\" srcset=\"https:\/\/www.crpmna.fr\/wp-content\/uploads\/2025\/07\/54636778085_c8e019403d_c-edited.jpg 763w, https:\/\/www.crpmna.fr\/wp-content\/uploads\/2025\/07\/54636778085_c8e019403d_c-edited-300x225.jpg 300w\" sizes=\"(max-width: 763px) 100vw, 763px\" \/><\/figure>\n<\/div>\n<\/div>\n\n\n\n<p class=\"has-text-align-center\"><em>\u00a9 photos : UIPM World Pentathlon \/ Nuno Gon\u00e7alves<\/em><\/p>\n\n\n\n<div class=\"wp-block-columns is-layout-flex wp-container-core-columns-is-layout-28f84493 wp-block-columns-is-layout-flex\">\n<div class=\"wp-block-column is-layout-flow wp-block-column-is-layout-flow\" style=\"flex-basis:50%\">\n<p class=\"has-text-align-left\"><strong>Podium Homme :&nbsp;<\/strong><\/p>\n\n\n\n<ol class=\"wp-block-list\">\n<li>Mohamed Moutaz (Egypte)<\/li>\n\n\n\n<li>Lukes Matej (Tch\u00e9quie)<\/li>\n\n\n\n<li>Ugo Fleurot (France)<\/li>\n<\/ol>\n<\/div>\n\n\n\n<div class=\"wp-block-column is-layout-flow wp-block-column-is-layout-flow\" style=\"flex-basis:50%\">\n<p><strong>Podium Femme :&nbsp;<\/strong><\/p>\n\n\n\n<ol class=\"wp-block-list\">\n<li>Khalil Farida (Egypte)<\/li>\n\n\n\n<li>Seong Seungmin (Cor\u00e9e)<\/li>\n\n\n\n<li>Guzi Blanka (Hongrie)<\/li>\n<\/ol>\n<\/div>\n<\/div>\n\n\n\n<div class=\"wp-block-columns is-layout-flex wp-container-core-columns-is-layout-28f84493 wp-block-columns-is-layout-flex\">\n<div class=\"wp-block-column is-layout-flow wp-block-column-is-layout-flow\">\n<figure class=\"wp-block-image size-full\"><img decoding=\"async\" width=\"800\" height=\"450\" src=\"https:\/\/www.crpmna.fr\/wp-content\/uploads\/2025\/07\/54636476586_19d7e746b5_c-edited.jpg\" alt=\"\" class=\"wp-image-4274\" srcset=\"https:\/\/www.crpmna.fr\/wp-content\/uploads\/2025\/07\/54636476586_19d7e746b5_c-edited.jpg 800w, https:\/\/www.crpmna.fr\/wp-content\/uploads\/2025\/07\/54636476586_19d7e746b5_c-edited-300x169.jpg 300w, https:\/\/www.crpmna.fr\/wp-content\/uploads\/2025\/07\/54636476586_19d7e746b5_c-edited-768x432.jpg 768w\" sizes=\"(max-width: 800px) 100vw, 800px\" \/><\/figure>\n<\/div>\n\n\n\n<div class=\"wp-block-column is-layout-flow wp-block-column-is-layout-flow\">\n<figure class=\"wp-block-image size-full\"><img decoding=\"async\" width=\"800\" height=\"450\" src=\"https:\/\/www.crpmna.fr\/wp-content\/uploads\/2025\/07\/54636785600_eff1c8f32a_c-edited.jpg\" alt=\"\" class=\"wp-image-4273\" srcset=\"https:\/\/www.crpmna.fr\/wp-content\/uploads\/2025\/07\/54636785600_eff1c8f32a_c-edited.jpg 800w, https:\/\/www.crpmna.fr\/wp-content\/uploads\/2025\/07\/54636785600_eff1c8f32a_c-edited-300x169.jpg 300w, https:\/\/www.crpmna.fr\/wp-content\/uploads\/2025\/07\/54636785600_eff1c8f32a_c-edited-768x432.jpg 768w\" sizes=\"(max-width: 800px) 100vw, 800px\" \/><\/figure>\n<\/div>\n<\/div>\n\n\n\n<p class=\"has-text-align-center\"><em><em>\u00a9 photos : UIPM World Pentathlon \/ Nuno Gon\u00e7alves<\/em><\/em><br><\/p>\n\n\n\n<p class=\"has-text-align-center\">Vous pouvez voir l\u2019ensemble des r\u00e9sultats de la Coupe du monde en Egypte sur&nbsp;<strong><a href=\"https:\/\/www.uipmworld.org\/event\/uipm-2025-pentathlon-world-cup-final\">www.uipmworld.org&nbsp;<\/a><\/strong><\/p>\n\n\n\n<p><\/p>\n","protected":false},"excerpt":{"rendered":"<p>La Finale de la Coupe du monde s\u2019est d\u00e9roul\u00e9e du 3 au 6 juillet \u00e0 Alexandrie en Egypte. Voici la<\/p>\n","protected":false},"author":7,"featured_media":4272,"comment_status":"closed","ping_status":"closed","sticky":false,"template":"","format":"standard","meta":{"colormag_page_container_layout":"default_layout","colormag_page_sidebar_layout":"default_layout","advgb_blocks_editor_width":"","advgb_blocks_columns_visual_guide":"","ngg_post_thumbnail":0,"footnotes":""},"categories":[9,24,23],"tags":[],"class_list":["post-4259","post","type-post","status-publish","format-standard","has-post-thumbnail","hentry","category-competitions","category-equipe-de-france","category-pole-france-releve-pentathlon-moderne-nouvelle-aquitaine"],"yoast_head":"<!-- This site is optimized with the Yoast SEO plugin v27.5 - https:\/\/yoast.com\/product\/yoast-seo-wordpress\/ -->\n<title>Finale de la Coupe du Monde Senior - CRPMNA<\/title>\n<meta name=\"description\" content=\"La Finale de la Coupe du monde s\u2019est d\u00e9roul\u00e9e du du 3 au 6 juillet \u00e0 Alexandrie en Egypte. Ugo Fleurot remporte la m\u00e9daille de bronze..\" \/>\n<meta name=\"robots\" content=\"index, follow, max-snippet:-1, max-image-preview:large, max-video-preview:-1\" \/>\n<link rel=\"canonical\" href=\"https:\/\/www.crpmna.fr\/index.php\/2025\/07\/08\/finale-de-la-coupe-du-monde-senior\/\" \/>\n<meta property=\"og:locale\" content=\"fr_FR\" \/>\n<meta property=\"og:type\" content=\"article\" \/>\n<meta property=\"og:title\" content=\"Finale de la Coupe du Monde Senior - CRPMNA\" \/>\n<meta property=\"og:description\" content=\"La Finale de la Coupe du monde s\u2019est d\u00e9roul\u00e9e du du 3 au 6 juillet \u00e0 Alexandrie en Egypte. Ugo Fleurot remporte la m\u00e9daille de bronze..\" \/>\n<meta property=\"og:url\" content=\"https:\/\/www.crpmna.fr\/index.php\/2025\/07\/08\/finale-de-la-coupe-du-monde-senior\/\" \/>\n<meta property=\"og:site_name\" content=\"CRPMNA\" \/>\n<meta property=\"article:publisher\" content=\"https:\/\/www.facebook.com\/crpmna.fr\" \/>\n<meta property=\"article:published_time\" content=\"2025-07-08T12:52:32+00:00\" \/>\n<meta property=\"article:modified_time\" content=\"2025-07-08T13:14:40+00:00\" \/>\n<meta property=\"og:image\" content=\"https:\/\/www.crpmna.fr\/wp-content\/uploads\/2025\/07\/54636476596_cdff5aab4a_c.jpg\" \/>\n\t<meta property=\"og:image:width\" content=\"800\" \/>\n\t<meta property=\"og:image:height\" content=\"557\" \/>\n\t<meta property=\"og:image:type\" content=\"image\/jpeg\" \/>\n<meta name=\"author\" content=\"Lisa ASQUOET\" \/>\n<meta name=\"twitter:card\" content=\"summary_large_image\" \/>\n<meta name=\"twitter:label1\" content=\"\u00c9crit par\" \/>\n\t<meta name=\"twitter:data1\" content=\"Lisa ASQUOET\" \/>\n\t<meta name=\"twitter:label2\" content=\"Dur\u00e9e de lecture estim\u00e9e\" \/>\n\t<meta name=\"twitter:data2\" content=\"5 minutes\" \/>\n<script type=\"application\/ld+json\" class=\"yoast-schema-graph\">{\"@context\":\"https:\\\/\\\/schema.org\",\"@graph\":[{\"@type\":\"Article\",\"@id\":\"https:\\\/\\\/www.crpmna.fr\\\/index.php\\\/2025\\\/07\\\/08\\\/finale-de-la-coupe-du-monde-senior\\\/#article\",\"isPartOf\":{\"@id\":\"https:\\\/\\\/www.crpmna.fr\\\/index.php\\\/2025\\\/07\\\/08\\\/finale-de-la-coupe-du-monde-senior\\\/\"},\"author\":{\"name\":\"Lisa ASQUOET\",\"@id\":\"https:\\\/\\\/www.crpmna.fr\\\/#\\\/schema\\\/person\\\/b3fc933d145bb46a51b572aebe3de5fb\"},\"headline\":\"Finale de la Coupe du Monde Senior\",\"datePublished\":\"2025-07-08T12:52:32+00:00\",\"dateModified\":\"2025-07-08T13:14:40+00:00\",\"mainEntityOfPage\":{\"@id\":\"https:\\\/\\\/www.crpmna.fr\\\/index.php\\\/2025\\\/07\\\/08\\\/finale-de-la-coupe-du-monde-senior\\\/\"},\"wordCount\":408,\"publisher\":{\"@id\":\"https:\\\/\\\/www.crpmna.fr\\\/#organization\"},\"image\":{\"@id\":\"https:\\\/\\\/www.crpmna.fr\\\/index.php\\\/2025\\\/07\\\/08\\\/finale-de-la-coupe-du-monde-senior\\\/#primaryimage\"},\"thumbnailUrl\":\"https:\\\/\\\/www.crpmna.fr\\\/wp-content\\\/uploads\\\/2025\\\/07\\\/54636476596_cdff5aab4a_c.jpg\",\"articleSection\":[\"Comp\u00e9titions\",\"\u00c9quipe de France\",\"P\u00f4le France Rel\u00e8ve Pentathlon Moderne Nouvelle-Aquitaine\"],\"inLanguage\":\"fr-FR\"},{\"@type\":\"WebPage\",\"@id\":\"https:\\\/\\\/www.crpmna.fr\\\/index.php\\\/2025\\\/07\\\/08\\\/finale-de-la-coupe-du-monde-senior\\\/\",\"url\":\"https:\\\/\\\/www.crpmna.fr\\\/index.php\\\/2025\\\/07\\\/08\\\/finale-de-la-coupe-du-monde-senior\\\/\",\"name\":\"Finale de la Coupe du Monde Senior - CRPMNA\",\"isPartOf\":{\"@id\":\"https:\\\/\\\/www.crpmna.fr\\\/#website\"},\"primaryImageOfPage\":{\"@id\":\"https:\\\/\\\/www.crpmna.fr\\\/index.php\\\/2025\\\/07\\\/08\\\/finale-de-la-coupe-du-monde-senior\\\/#primaryimage\"},\"image\":{\"@id\":\"https:\\\/\\\/www.crpmna.fr\\\/index.php\\\/2025\\\/07\\\/08\\\/finale-de-la-coupe-du-monde-senior\\\/#primaryimage\"},\"thumbnailUrl\":\"https:\\\/\\\/www.crpmna.fr\\\/wp-content\\\/uploads\\\/2025\\\/07\\\/54636476596_cdff5aab4a_c.jpg\",\"datePublished\":\"2025-07-08T12:52:32+00:00\",\"dateModified\":\"2025-07-08T13:14:40+00:00\",\"description\":\"La Finale de la Coupe du monde s\u2019est d\u00e9roul\u00e9e du du 3 au 6 juillet \u00e0 Alexandrie en Egypte. Ugo Fleurot remporte la m\u00e9daille de bronze..\",\"breadcrumb\":{\"@id\":\"https:\\\/\\\/www.crpmna.fr\\\/index.php\\\/2025\\\/07\\\/08\\\/finale-de-la-coupe-du-monde-senior\\\/#breadcrumb\"},\"inLanguage\":\"fr-FR\",\"potentialAction\":[{\"@type\":\"ReadAction\",\"target\":[\"https:\\\/\\\/www.crpmna.fr\\\/index.php\\\/2025\\\/07\\\/08\\\/finale-de-la-coupe-du-monde-senior\\\/\"]}]},{\"@type\":\"ImageObject\",\"inLanguage\":\"fr-FR\",\"@id\":\"https:\\\/\\\/www.crpmna.fr\\\/index.php\\\/2025\\\/07\\\/08\\\/finale-de-la-coupe-du-monde-senior\\\/#primaryimage\",\"url\":\"https:\\\/\\\/www.crpmna.fr\\\/wp-content\\\/uploads\\\/2025\\\/07\\\/54636476596_cdff5aab4a_c.jpg\",\"contentUrl\":\"https:\\\/\\\/www.crpmna.fr\\\/wp-content\\\/uploads\\\/2025\\\/07\\\/54636476596_cdff5aab4a_c.jpg\",\"width\":800,\"height\":557},{\"@type\":\"BreadcrumbList\",\"@id\":\"https:\\\/\\\/www.crpmna.fr\\\/index.php\\\/2025\\\/07\\\/08\\\/finale-de-la-coupe-du-monde-senior\\\/#breadcrumb\",\"itemListElement\":[{\"@type\":\"ListItem\",\"position\":1,\"name\":\"Home\",\"item\":\"https:\\\/\\\/www.crpmna.fr\\\/\"},{\"@type\":\"ListItem\",\"position\":2,\"name\":\"Finale de la Coupe du Monde Senior\"}]},{\"@type\":\"WebSite\",\"@id\":\"https:\\\/\\\/www.crpmna.fr\\\/#website\",\"url\":\"https:\\\/\\\/www.crpmna.fr\\\/\",\"name\":\"CRPMNA\",\"description\":\"Organiser et d\u00e9velopper la pratique du pentathlon moderne en Nouvelle Aquitaine\",\"publisher\":{\"@id\":\"https:\\\/\\\/www.crpmna.fr\\\/#organization\"},\"alternateName\":\"Comit\u00e9 R\u00e9gional de Pentathlon Moderne de Nouvelle-Aquitaine\",\"potentialAction\":[{\"@type\":\"SearchAction\",\"target\":{\"@type\":\"EntryPoint\",\"urlTemplate\":\"https:\\\/\\\/www.crpmna.fr\\\/?s={search_term_string}\"},\"query-input\":{\"@type\":\"PropertyValueSpecification\",\"valueRequired\":true,\"valueName\":\"search_term_string\"}}],\"inLanguage\":\"fr-FR\"},{\"@type\":\"Organization\",\"@id\":\"https:\\\/\\\/www.crpmna.fr\\\/#organization\",\"name\":\"CRPMNA\",\"alternateName\":\"Comit\u00e9 R\u00e9gional de Pentathlon Moderne de Nouvelle-Aquitaine\",\"url\":\"https:\\\/\\\/www.crpmna.fr\\\/\",\"logo\":{\"@type\":\"ImageObject\",\"inLanguage\":\"fr-FR\",\"@id\":\"https:\\\/\\\/www.crpmna.fr\\\/#\\\/schema\\\/logo\\\/image\\\/\",\"url\":\"https:\\\/\\\/www.crpmna.fr\\\/wp-content\\\/uploads\\\/2023\\\/10\\\/Logo-CRPMNA-noir-sans-fond.png\",\"contentUrl\":\"https:\\\/\\\/www.crpmna.fr\\\/wp-content\\\/uploads\\\/2023\\\/10\\\/Logo-CRPMNA-noir-sans-fond.png\",\"width\":2364,\"height\":2363,\"caption\":\"CRPMNA\"},\"image\":{\"@id\":\"https:\\\/\\\/www.crpmna.fr\\\/#\\\/schema\\\/logo\\\/image\\\/\"},\"sameAs\":[\"https:\\\/\\\/www.facebook.com\\\/crpmna.fr\",\"https:\\\/\\\/www.instagram.com\\\/crpmna\\\/\",\"https:\\\/\\\/www.youtube.com\\\/channel\\\/UCsnwnBbuM8lu46ibC6H2jEA\",\"https:\\\/\\\/www.linkedin.com\\\/company\\\/89200652\\\/admin\\\/\"]},{\"@type\":\"Person\",\"@id\":\"https:\\\/\\\/www.crpmna.fr\\\/#\\\/schema\\\/person\\\/b3fc933d145bb46a51b572aebe3de5fb\",\"name\":\"Lisa ASQUOET\",\"image\":{\"@type\":\"ImageObject\",\"inLanguage\":\"fr-FR\",\"@id\":\"https:\\\/\\\/secure.gravatar.com\\\/avatar\\\/9d9a776cc9779721f4b377fb9c88bd207820eeaf91bd727145ca82ccf271c261?s=96&d=mm&r=g\",\"url\":\"https:\\\/\\\/secure.gravatar.com\\\/avatar\\\/9d9a776cc9779721f4b377fb9c88bd207820eeaf91bd727145ca82ccf271c261?s=96&d=mm&r=g\",\"contentUrl\":\"https:\\\/\\\/secure.gravatar.com\\\/avatar\\\/9d9a776cc9779721f4b377fb9c88bd207820eeaf91bd727145ca82ccf271c261?s=96&d=mm&r=g\",\"caption\":\"Lisa ASQUOET\"},\"sameAs\":[\"http:\\\/\\\/www.crpmna.fr\"],\"url\":\"https:\\\/\\\/www.crpmna.fr\\\/index.php\\\/author\\\/charge-communication\\\/\"}]}<\/script>\n<!-- \/ Yoast SEO plugin. -->","yoast_head_json":{"title":"Finale de la Coupe du Monde Senior - CRPMNA","description":"La Finale de la Coupe du monde s\u2019est d\u00e9roul\u00e9e du du 3 au 6 juillet \u00e0 Alexandrie en Egypte. Ugo Fleurot remporte la m\u00e9daille de bronze..","robots":{"index":"index","follow":"follow","max-snippet":"max-snippet:-1","max-image-preview":"max-image-preview:large","max-video-preview":"max-video-preview:-1"},"canonical":"https:\/\/www.crpmna.fr\/index.php\/2025\/07\/08\/finale-de-la-coupe-du-monde-senior\/","og_locale":"fr_FR","og_type":"article","og_title":"Finale de la Coupe du Monde Senior - CRPMNA","og_description":"La Finale de la Coupe du monde s\u2019est d\u00e9roul\u00e9e du du 3 au 6 juillet \u00e0 Alexandrie en Egypte. Ugo Fleurot remporte la m\u00e9daille de bronze..","og_url":"https:\/\/www.crpmna.fr\/index.php\/2025\/07\/08\/finale-de-la-coupe-du-monde-senior\/","og_site_name":"CRPMNA","article_publisher":"https:\/\/www.facebook.com\/crpmna.fr","article_published_time":"2025-07-08T12:52:32+00:00","article_modified_time":"2025-07-08T13:14:40+00:00","og_image":[{"width":800,"height":557,"url":"https:\/\/www.crpmna.fr\/wp-content\/uploads\/2025\/07\/54636476596_cdff5aab4a_c.jpg","type":"image\/jpeg"}],"author":"Lisa ASQUOET","twitter_card":"summary_large_image","twitter_misc":{"\u00c9crit par":"Lisa ASQUOET","Dur\u00e9e de lecture estim\u00e9e":"5 minutes"},"schema":{"@context":"https:\/\/schema.org","@graph":[{"@type":"Article","@id":"https:\/\/www.crpmna.fr\/index.php\/2025\/07\/08\/finale-de-la-coupe-du-monde-senior\/#article","isPartOf":{"@id":"https:\/\/www.crpmna.fr\/index.php\/2025\/07\/08\/finale-de-la-coupe-du-monde-senior\/"},"author":{"name":"Lisa ASQUOET","@id":"https:\/\/www.crpmna.fr\/#\/schema\/person\/b3fc933d145bb46a51b572aebe3de5fb"},"headline":"Finale de la Coupe du Monde Senior","datePublished":"2025-07-08T12:52:32+00:00","dateModified":"2025-07-08T13:14:40+00:00","mainEntityOfPage":{"@id":"https:\/\/www.crpmna.fr\/index.php\/2025\/07\/08\/finale-de-la-coupe-du-monde-senior\/"},"wordCount":408,"publisher":{"@id":"https:\/\/www.crpmna.fr\/#organization"},"image":{"@id":"https:\/\/www.crpmna.fr\/index.php\/2025\/07\/08\/finale-de-la-coupe-du-monde-senior\/#primaryimage"},"thumbnailUrl":"https:\/\/www.crpmna.fr\/wp-content\/uploads\/2025\/07\/54636476596_cdff5aab4a_c.jpg","articleSection":["Comp\u00e9titions","\u00c9quipe de France","P\u00f4le France Rel\u00e8ve Pentathlon Moderne Nouvelle-Aquitaine"],"inLanguage":"fr-FR"},{"@type":"WebPage","@id":"https:\/\/www.crpmna.fr\/index.php\/2025\/07\/08\/finale-de-la-coupe-du-monde-senior\/","url":"https:\/\/www.crpmna.fr\/index.php\/2025\/07\/08\/finale-de-la-coupe-du-monde-senior\/","name":"Finale de la Coupe du Monde Senior - CRPMNA","isPartOf":{"@id":"https:\/\/www.crpmna.fr\/#website"},"primaryImageOfPage":{"@id":"https:\/\/www.crpmna.fr\/index.php\/2025\/07\/08\/finale-de-la-coupe-du-monde-senior\/#primaryimage"},"image":{"@id":"https:\/\/www.crpmna.fr\/index.php\/2025\/07\/08\/finale-de-la-coupe-du-monde-senior\/#primaryimage"},"thumbnailUrl":"https:\/\/www.crpmna.fr\/wp-content\/uploads\/2025\/07\/54636476596_cdff5aab4a_c.jpg","datePublished":"2025-07-08T12:52:32+00:00","dateModified":"2025-07-08T13:14:40+00:00","description":"La Finale de la Coupe du monde s\u2019est d\u00e9roul\u00e9e du du 3 au 6 juillet \u00e0 Alexandrie en Egypte. Ugo Fleurot remporte la m\u00e9daille de bronze..","breadcrumb":{"@id":"https:\/\/www.crpmna.fr\/index.php\/2025\/07\/08\/finale-de-la-coupe-du-monde-senior\/#breadcrumb"},"inLanguage":"fr-FR","potentialAction":[{"@type":"ReadAction","target":["https:\/\/www.crpmna.fr\/index.php\/2025\/07\/08\/finale-de-la-coupe-du-monde-senior\/"]}]},{"@type":"ImageObject","inLanguage":"fr-FR","@id":"https:\/\/www.crpmna.fr\/index.php\/2025\/07\/08\/finale-de-la-coupe-du-monde-senior\/#primaryimage","url":"https:\/\/www.crpmna.fr\/wp-content\/uploads\/2025\/07\/54636476596_cdff5aab4a_c.jpg","contentUrl":"https:\/\/www.crpmna.fr\/wp-content\/uploads\/2025\/07\/54636476596_cdff5aab4a_c.jpg","width":800,"height":557},{"@type":"BreadcrumbList","@id":"https:\/\/www.crpmna.fr\/index.php\/2025\/07\/08\/finale-de-la-coupe-du-monde-senior\/#breadcrumb","itemListElement":[{"@type":"ListItem","position":1,"name":"Home","item":"https:\/\/www.crpmna.fr\/"},{"@type":"ListItem","position":2,"name":"Finale de la Coupe du Monde Senior"}]},{"@type":"WebSite","@id":"https:\/\/www.crpmna.fr\/#website","url":"https:\/\/www.crpmna.fr\/","name":"CRPMNA","description":"Organiser et d\u00e9velopper la pratique du pentathlon moderne en Nouvelle Aquitaine","publisher":{"@id":"https:\/\/www.crpmna.fr\/#organization"},"alternateName":"Comit\u00e9 R\u00e9gional de Pentathlon Moderne de Nouvelle-Aquitaine","potentialAction":[{"@type":"SearchAction","target":{"@type":"EntryPoint","urlTemplate":"https:\/\/www.crpmna.fr\/?s={search_term_string}"},"query-input":{"@type":"PropertyValueSpecification","valueRequired":true,"valueName":"search_term_string"}}],"inLanguage":"fr-FR"},{"@type":"Organization","@id":"https:\/\/www.crpmna.fr\/#organization","name":"CRPMNA","alternateName":"Comit\u00e9 R\u00e9gional de Pentathlon Moderne de Nouvelle-Aquitaine","url":"https:\/\/www.crpmna.fr\/","logo":{"@type":"ImageObject","inLanguage":"fr-FR","@id":"https:\/\/www.crpmna.fr\/#\/schema\/logo\/image\/","url":"https:\/\/www.crpmna.fr\/wp-content\/uploads\/2023\/10\/Logo-CRPMNA-noir-sans-fond.png","contentUrl":"https:\/\/www.crpmna.fr\/wp-content\/uploads\/2023\/10\/Logo-CRPMNA-noir-sans-fond.png","width":2364,"height":2363,"caption":"CRPMNA"},"image":{"@id":"https:\/\/www.crpmna.fr\/#\/schema\/logo\/image\/"},"sameAs":["https:\/\/www.facebook.com\/crpmna.fr","https:\/\/www.instagram.com\/crpmna\/","https:\/\/www.youtube.com\/channel\/UCsnwnBbuM8lu46ibC6H2jEA","https:\/\/www.linkedin.com\/company\/89200652\/admin\/"]},{"@type":"Person","@id":"https:\/\/www.crpmna.fr\/#\/schema\/person\/b3fc933d145bb46a51b572aebe3de5fb","name":"Lisa ASQUOET","image":{"@type":"ImageObject","inLanguage":"fr-FR","@id":"https:\/\/secure.gravatar.com\/avatar\/9d9a776cc9779721f4b377fb9c88bd207820eeaf91bd727145ca82ccf271c261?s=96&d=mm&r=g","url":"https:\/\/secure.gravatar.com\/avatar\/9d9a776cc9779721f4b377fb9c88bd207820eeaf91bd727145ca82ccf271c261?s=96&d=mm&r=g","contentUrl":"https:\/\/secure.gravatar.com\/avatar\/9d9a776cc9779721f4b377fb9c88bd207820eeaf91bd727145ca82ccf271c261?s=96&d=mm&r=g","caption":"Lisa ASQUOET"},"sameAs":["http:\/\/www.crpmna.fr"],"url":"https:\/\/www.crpmna.fr\/index.php\/author\/charge-communication\/"}]}},"author_meta":{"display_name":"Lisa ASQUOET","author_link":"https:\/\/www.crpmna.fr\/index.php\/author\/charge-communication\/"},"featured_img":"https:\/\/www.crpmna.fr\/wp-content\/uploads\/2025\/07\/54636476596_cdff5aab4a_c-300x209.jpg","coauthors":[],"tax_additional":{"categories":{"linked":["<a href=\"https:\/\/www.crpmna.fr\/index.php\/category\/competitions\/\" class=\"advgb-post-tax-term\">Comp\u00e9titions<\/a>","<a href=\"https:\/\/www.crpmna.fr\/index.php\/category\/equipe-de-france\/\" class=\"advgb-post-tax-term\">\u00c9quipe de France<\/a>","<a href=\"https:\/\/www.crpmna.fr\/index.php\/category\/pole-france-releve-pentathlon-moderne-nouvelle-aquitaine\/\" class=\"advgb-post-tax-term\">P\u00f4le France Rel\u00e8ve Pentathlon Moderne Nouvelle-Aquitaine<\/a>"],"unlinked":["<span class=\"advgb-post-tax-term\">Comp\u00e9titions<\/span>","<span class=\"advgb-post-tax-term\">\u00c9quipe de France<\/span>","<span class=\"advgb-post-tax-term\">P\u00f4le France Rel\u00e8ve Pentathlon Moderne Nouvelle-Aquitaine<\/span>"]}},"comment_count":"0","relative_dates":{"created":"Publi\u00e9 10 mois il y a","modified":"Mis \u00e0 jour 10 mois il y a"},"absolute_dates":{"created":"Publi\u00e9 le 8 juillet 2025","modified":"Mise \u00e0 jour le 8 juillet 2025"},"absolute_dates_time":{"created":"Publi\u00e9 le 8 juillet 2025 14 h 52 min","modified":"Mise \u00e0 jour le 8 juillet 2025 15 h 14 min"},"featured_img_caption":"","series_order":"","_links":{"self":[{"href":"https:\/\/www.crpmna.fr\/index.php\/wp-json\/wp\/v2\/posts\/4259","targetHints":{"allow":["GET"]}}],"collection":[{"href":"https:\/\/www.crpmna.fr\/index.php\/wp-json\/wp\/v2\/posts"}],"about":[{"href":"https:\/\/www.crpmna.fr\/index.php\/wp-json\/wp\/v2\/types\/post"}],"author":[{"embeddable":true,"href":"https:\/\/www.crpmna.fr\/index.php\/wp-json\/wp\/v2\/users\/7"}],"replies":[{"embeddable":true,"href":"https:\/\/www.crpmna.fr\/index.php\/wp-json\/wp\/v2\/comments?post=4259"}],"version-history":[{"count":9,"href":"https:\/\/www.crpmna.fr\/index.php\/wp-json\/wp\/v2\/posts\/4259\/revisions"}],"predecessor-version":[{"id":4289,"href":"https:\/\/www.crpmna.fr\/index.php\/wp-json\/wp\/v2\/posts\/4259\/revisions\/4289"}],"wp:featuredmedia":[{"embeddable":true,"href":"https:\/\/www.crpmna.fr\/index.php\/wp-json\/wp\/v2\/media\/4272"}],"wp:attachment":[{"href":"https:\/\/www.crpmna.fr\/index.php\/wp-json\/wp\/v2\/media?parent=4259"}],"wp:term":[{"taxonomy":"category","embeddable":true,"href":"https:\/\/www.crpmna.fr\/index.php\/wp-json\/wp\/v2\/categories?post=4259"},{"taxonomy":"post_tag","embeddable":true,"href":"https:\/\/www.crpmna.fr\/index.php\/wp-json\/wp\/v2\/tags?post=4259"}],"curies":[{"name":"wp","href":"https:\/\/api.w.org\/{rel}","templated":true}]}}