{"id":4516,"date":"2025-09-05T11:44:21","date_gmt":"2025-09-05T09:44:21","guid":{"rendered":"https:\/\/www.crpmna.fr\/?p=4516"},"modified":"2025-09-05T11:50:15","modified_gmt":"2025-09-05T09:50:15","slug":"championnat-du-monde-senior","status":"publish","type":"post","link":"https:\/\/www.crpmna.fr\/index.php\/2025\/09\/05\/championnat-du-monde-senior\/","title":{"rendered":"Championnats du Monde Seniors"},"content":{"rendered":"\n<p>Les Championnats du monde seniors ont eu lieu du 24 au 31 ao\u00fbt 2025 \u00e0 <strong>Kaunas<\/strong>\u00a0en\u00a0<strong>Lituanie<\/strong>.<\/p>\n\n\n\n<div style=\"height:10px\" aria-hidden=\"true\" class=\"wp-block-spacer\"><\/div>\n\n\n\n<h4 class=\"wp-block-heading has-text-align-center\"><strong>Qualifications hommes<\/strong><\/h4>\n\n\n\n<p>Le 26 ao\u00fbt, les hommes se sont qualifi\u00e9s pour les demi-finales. Valentin Belaud a termin\u00e9 2e du groupe A, L\u00e9o Bories 4e du groupe B, Ugo Fleurot 6e et Mathis Rochat 8e du groupe C.<\/p>\n\n\n\n<div class=\"wp-block-columns is-layout-flex wp-container-core-columns-is-layout-28f84493 wp-block-columns-is-layout-flex\">\n<div class=\"wp-block-column is-layout-flow wp-block-column-is-layout-flow\">\n<figure class=\"wp-block-image size-full\"><img decoding=\"async\" width=\"800\" height=\"533\" src=\"https:\/\/www.crpmna.fr\/wp-content\/uploads\/2025\/09\/54748017523_5cf3565d89_c-edited.jpg\" alt=\"\" class=\"wp-image-4536\" srcset=\"https:\/\/www.crpmna.fr\/wp-content\/uploads\/2025\/09\/54748017523_5cf3565d89_c-edited.jpg 800w, https:\/\/www.crpmna.fr\/wp-content\/uploads\/2025\/09\/54748017523_5cf3565d89_c-edited-300x200.jpg 300w, https:\/\/www.crpmna.fr\/wp-content\/uploads\/2025\/09\/54748017523_5cf3565d89_c-edited-768x512.jpg 768w\" sizes=\"(max-width: 800px) 100vw, 800px\" \/><\/figure>\n<\/div>\n\n\n\n<div class=\"wp-block-column is-layout-flow wp-block-column-is-layout-flow\">\n<figure class=\"wp-block-image size-full\"><img decoding=\"async\" width=\"746\" height=\"497\" src=\"https:\/\/www.crpmna.fr\/wp-content\/uploads\/2025\/09\/54746950712_e7fab2b181_c-edited.jpg\" alt=\"\" class=\"wp-image-4537\" srcset=\"https:\/\/www.crpmna.fr\/wp-content\/uploads\/2025\/09\/54746950712_e7fab2b181_c-edited.jpg 746w, https:\/\/www.crpmna.fr\/wp-content\/uploads\/2025\/09\/54746950712_e7fab2b181_c-edited-300x200.jpg 300w\" sizes=\"(max-width: 746px) 100vw, 746px\" \/><\/figure>\n<\/div>\n\n\n\n<div class=\"wp-block-column is-layout-flow wp-block-column-is-layout-flow\">\n<figure class=\"wp-block-image size-full\"><img decoding=\"async\" width=\"800\" height=\"522\" src=\"https:\/\/www.crpmna.fr\/wp-content\/uploads\/2025\/09\/54748021754_2c12a8f2f1_c.jpg\" alt=\"\" class=\"wp-image-4538\" srcset=\"https:\/\/www.crpmna.fr\/wp-content\/uploads\/2025\/09\/54748021754_2c12a8f2f1_c.jpg 800w, https:\/\/www.crpmna.fr\/wp-content\/uploads\/2025\/09\/54748021754_2c12a8f2f1_c-300x196.jpg 300w, https:\/\/www.crpmna.fr\/wp-content\/uploads\/2025\/09\/54748021754_2c12a8f2f1_c-768x501.jpg 768w\" sizes=\"(max-width: 800px) 100vw, 800px\" \/><\/figure>\n<\/div>\n<\/div>\n\n\n\n<h4 class=\"wp-block-heading has-text-align-center\"><strong>Qualifications femmes<\/strong><\/h4>\n\n\n\n<p>Le lendemain trois Fran\u00e7aises se sont qualifi\u00e9es le 27 ao\u00fbt, pour les demi-finales individuelles. Louison Cazaly du BEC a termin\u00e9 9e et Rebecca Castaudi 15e du groupe B. Dans le groupe A, Jessye Gomesse termine 17e.<\/p>\n\n\n\n<div class=\"wp-block-columns is-layout-flex wp-container-core-columns-is-layout-28f84493 wp-block-columns-is-layout-flex\">\n<div class=\"wp-block-column is-layout-flow wp-block-column-is-layout-flow\">\n<figure class=\"wp-block-image size-full\"><img decoding=\"async\" width=\"528\" height=\"528\" src=\"https:\/\/www.crpmna.fr\/wp-content\/uploads\/2025\/09\/54748181887_f12c36f197_c-edited.jpg\" alt=\"\" class=\"wp-image-4529\" srcset=\"https:\/\/www.crpmna.fr\/wp-content\/uploads\/2025\/09\/54748181887_f12c36f197_c-edited.jpg 528w, https:\/\/www.crpmna.fr\/wp-content\/uploads\/2025\/09\/54748181887_f12c36f197_c-edited-300x300.jpg 300w, https:\/\/www.crpmna.fr\/wp-content\/uploads\/2025\/09\/54748181887_f12c36f197_c-edited-150x150.jpg 150w\" sizes=\"(max-width: 528px) 100vw, 528px\" \/><\/figure>\n<\/div>\n\n\n\n<div class=\"wp-block-column is-layout-flow wp-block-column-is-layout-flow\">\n<figure class=\"wp-block-image size-full\"><img decoding=\"async\" width=\"563\" height=\"563\" src=\"https:\/\/www.crpmna.fr\/wp-content\/uploads\/2025\/09\/54749235379_5a9ed697c4_c-edited.jpg\" alt=\"\" class=\"wp-image-4531\" srcset=\"https:\/\/www.crpmna.fr\/wp-content\/uploads\/2025\/09\/54749235379_5a9ed697c4_c-edited.jpg 563w, https:\/\/www.crpmna.fr\/wp-content\/uploads\/2025\/09\/54749235379_5a9ed697c4_c-edited-300x300.jpg 300w, https:\/\/www.crpmna.fr\/wp-content\/uploads\/2025\/09\/54749235379_5a9ed697c4_c-edited-150x150.jpg 150w\" sizes=\"(max-width: 563px) 100vw, 563px\" \/><\/figure>\n<\/div>\n\n\n\n<div class=\"wp-block-column is-layout-flow wp-block-column-is-layout-flow\">\n<figure class=\"wp-block-gallery has-nested-images columns-default is-cropped wp-block-gallery-1 is-layout-flex wp-block-gallery-is-layout-flex\">\n<figure class=\"wp-block-image size-full\"><img decoding=\"async\" width=\"481\" height=\"481\" data-id=\"4533\" src=\"https:\/\/www.crpmna.fr\/wp-content\/uploads\/2025\/09\/54749227589_678d9d8ff4_c-edited.jpg\" alt=\"\" class=\"wp-image-4533\" srcset=\"https:\/\/www.crpmna.fr\/wp-content\/uploads\/2025\/09\/54749227589_678d9d8ff4_c-edited.jpg 481w, https:\/\/www.crpmna.fr\/wp-content\/uploads\/2025\/09\/54749227589_678d9d8ff4_c-edited-300x300.jpg 300w, https:\/\/www.crpmna.fr\/wp-content\/uploads\/2025\/09\/54749227589_678d9d8ff4_c-edited-150x150.jpg 150w\" sizes=\"(max-width: 481px) 100vw, 481px\" \/><\/figure>\n<\/figure>\n<\/div>\n<\/div>\n\n\n\n<p class=\"has-text-align-center\"><strong>Demi-finales hommes<\/strong><\/p>\n\n\n\n<p>Les hommes ont particip\u00e9 \u00e0 la demi-finale le 28 ao\u00fbt. Dans le groupe A, L\u00e9o Bories a termin\u00e9 3e et Valentin Belaud a finit 18e. Dans le groupe B, Mathis Rochat a pris la 7e place et Ugo Fleurot la 8e position.<\/p>\n\n\n\n<div class=\"wp-block-columns is-layout-flex wp-container-core-columns-is-layout-28f84493 wp-block-columns-is-layout-flex\">\n<div class=\"wp-block-column is-layout-flow wp-block-column-is-layout-flow\">\n<figure class=\"wp-block-image size-full\"><img decoding=\"async\" width=\"567\" height=\"378\" src=\"https:\/\/www.crpmna.fr\/wp-content\/uploads\/2025\/09\/54750854413_9664b6a727_c-edited-1.jpg\" alt=\"\" class=\"wp-image-4543\" srcset=\"https:\/\/www.crpmna.fr\/wp-content\/uploads\/2025\/09\/54750854413_9664b6a727_c-edited-1.jpg 567w, https:\/\/www.crpmna.fr\/wp-content\/uploads\/2025\/09\/54750854413_9664b6a727_c-edited-1-300x200.jpg 300w\" sizes=\"(max-width: 567px) 100vw, 567px\" \/><\/figure>\n<\/div>\n\n\n\n<div class=\"wp-block-column is-layout-flow wp-block-column-is-layout-flow\">\n<figure class=\"wp-block-image size-full is-resized\"><img decoding=\"async\" width=\"800\" height=\"533\" src=\"https:\/\/www.crpmna.fr\/wp-content\/uploads\/2025\/09\/54750780569_d648b1422e_c-edited.jpg\" alt=\"\" class=\"wp-image-4542\" style=\"width:360px;height:auto\" srcset=\"https:\/\/www.crpmna.fr\/wp-content\/uploads\/2025\/09\/54750780569_d648b1422e_c-edited.jpg 800w, https:\/\/www.crpmna.fr\/wp-content\/uploads\/2025\/09\/54750780569_d648b1422e_c-edited-300x200.jpg 300w, https:\/\/www.crpmna.fr\/wp-content\/uploads\/2025\/09\/54750780569_d648b1422e_c-edited-768x512.jpg 768w\" sizes=\"(max-width: 800px) 100vw, 800px\" \/><\/figure>\n<\/div>\n\n\n\n<div class=\"wp-block-column is-layout-flow wp-block-column-is-layout-flow\">\n<figure class=\"wp-block-image size-full\"><img decoding=\"async\" width=\"800\" height=\"533\" src=\"https:\/\/www.crpmna.fr\/wp-content\/uploads\/2025\/09\/54750890610_5346b6da60_c-edited.jpg\" alt=\"\" class=\"wp-image-4545\" srcset=\"https:\/\/www.crpmna.fr\/wp-content\/uploads\/2025\/09\/54750890610_5346b6da60_c-edited.jpg 800w, https:\/\/www.crpmna.fr\/wp-content\/uploads\/2025\/09\/54750890610_5346b6da60_c-edited-300x200.jpg 300w, https:\/\/www.crpmna.fr\/wp-content\/uploads\/2025\/09\/54750890610_5346b6da60_c-edited-768x512.jpg 768w\" sizes=\"(max-width: 800px) 100vw, 800px\" \/><\/figure>\n<\/div>\n<\/div>\n\n\n\n<p class=\"has-text-align-center\"><strong>Demi-finales femmes<\/strong><\/p>\n\n\n\n<p>La demi-finale s&rsquo;est tenue le 29 ao\u00fbt. Louison Cazaly a termin\u00e9 2e et Rebecca Castaudi 1\u00e8re du groupe B. Dans le groupe A, Jessye Gomesse termine 11e.<\/p>\n\n\n\n<div class=\"wp-block-columns is-layout-flex wp-container-core-columns-is-layout-28f84493 wp-block-columns-is-layout-flex\">\n<div class=\"wp-block-column is-layout-flow wp-block-column-is-layout-flow\">\n<figure class=\"wp-block-image size-full\"><img decoding=\"async\" width=\"576\" height=\"384\" src=\"https:\/\/www.crpmna.fr\/wp-content\/uploads\/2025\/09\/54753203008_cbd057bbe2_c-edited.jpg\" alt=\"\" class=\"wp-image-4547\" srcset=\"https:\/\/www.crpmna.fr\/wp-content\/uploads\/2025\/09\/54753203008_cbd057bbe2_c-edited.jpg 576w, https:\/\/www.crpmna.fr\/wp-content\/uploads\/2025\/09\/54753203008_cbd057bbe2_c-edited-300x200.jpg 300w\" sizes=\"(max-width: 576px) 100vw, 576px\" \/><\/figure>\n<\/div>\n\n\n\n<div class=\"wp-block-column is-layout-flow wp-block-column-is-layout-flow\">\n<figure class=\"wp-block-image size-full\"><img decoding=\"async\" width=\"800\" height=\"533\" src=\"https:\/\/www.crpmna.fr\/wp-content\/uploads\/2025\/09\/54752648999_282486f6f3_c-edited.jpg\" alt=\"\" class=\"wp-image-4551\" srcset=\"https:\/\/www.crpmna.fr\/wp-content\/uploads\/2025\/09\/54752648999_282486f6f3_c-edited.jpg 800w, https:\/\/www.crpmna.fr\/wp-content\/uploads\/2025\/09\/54752648999_282486f6f3_c-edited-300x200.jpg 300w, https:\/\/www.crpmna.fr\/wp-content\/uploads\/2025\/09\/54752648999_282486f6f3_c-edited-768x512.jpg 768w\" sizes=\"(max-width: 800px) 100vw, 800px\" \/><\/figure>\n<\/div>\n\n\n\n<div class=\"wp-block-column is-layout-flow wp-block-column-is-layout-flow\">\n<figure class=\"wp-block-image size-full\"><img decoding=\"async\" width=\"782\" height=\"521\" src=\"https:\/\/www.crpmna.fr\/wp-content\/uploads\/2025\/09\/54753194888_0a639059f4_c-edited.jpg\" alt=\"\" class=\"wp-image-4550\" srcset=\"https:\/\/www.crpmna.fr\/wp-content\/uploads\/2025\/09\/54753194888_0a639059f4_c-edited.jpg 782w, https:\/\/www.crpmna.fr\/wp-content\/uploads\/2025\/09\/54753194888_0a639059f4_c-edited-300x200.jpg 300w, https:\/\/www.crpmna.fr\/wp-content\/uploads\/2025\/09\/54753194888_0a639059f4_c-edited-768x512.jpg 768w\" sizes=\"(max-width: 782px) 100vw, 782px\" \/><\/figure>\n<\/div>\n<\/div>\n\n\n\n<h4 class=\"wp-block-heading has-text-align-center\"><strong>Finales femmes et hommes<\/strong><\/h4>\n\n\n\n<p class=\"has-text-align-left\">Le samedi 30 ao\u00fbt, les hommes et les femmes ont disput\u00e9 la finale. Mathis Rochat a termin\u00e9 2e, Ugo Fleurot 7e et L\u00e9o Bories 12e. Louison Cazaly termine 12e et Rebecca Castaudi 10e.<\/p>\n\n\n\n<p>Les Fran\u00e7ais ont remport\u00e9 la 1\u00e8re place par \u00e9quipe. Les Fran\u00e7aises ont termin\u00e9 5e.<\/p>\n\n\n\n<div style=\"height:13px\" aria-hidden=\"true\" class=\"wp-block-spacer\"><\/div>\n\n\n\n<div class=\"wp-block-columns is-layout-flex wp-container-core-columns-is-layout-28f84493 wp-block-columns-is-layout-flex\">\n<div class=\"wp-block-column is-layout-flow wp-block-column-is-layout-flow\" style=\"flex-basis:33.33%\">\n<figure class=\"wp-block-image size-full\"><img decoding=\"async\" width=\"735\" height=\"490\" src=\"https:\/\/www.crpmna.fr\/wp-content\/uploads\/2025\/09\/54754382059_99cb3b4a21_c-edited.jpg\" alt=\"\" class=\"wp-image-4553\" srcset=\"https:\/\/www.crpmna.fr\/wp-content\/uploads\/2025\/09\/54754382059_99cb3b4a21_c-edited.jpg 735w, https:\/\/www.crpmna.fr\/wp-content\/uploads\/2025\/09\/54754382059_99cb3b4a21_c-edited-300x200.jpg 300w\" sizes=\"(max-width: 735px) 100vw, 735px\" \/><\/figure>\n<\/div>\n\n\n\n<div class=\"wp-block-column is-layout-flow wp-block-column-is-layout-flow\" style=\"flex-basis:33.33%\">\n<figure class=\"wp-block-image size-full\"><img decoding=\"async\" width=\"531\" height=\"354\" src=\"https:\/\/www.crpmna.fr\/wp-content\/uploads\/2025\/09\/54754379553_1b781e7be7_c-edited.jpg\" alt=\"\" class=\"wp-image-4560\" srcset=\"https:\/\/www.crpmna.fr\/wp-content\/uploads\/2025\/09\/54754379553_1b781e7be7_c-edited.jpg 531w, https:\/\/www.crpmna.fr\/wp-content\/uploads\/2025\/09\/54754379553_1b781e7be7_c-edited-300x200.jpg 300w\" sizes=\"(max-width: 531px) 100vw, 531px\" \/><\/figure>\n<\/div>\n\n\n\n<div class=\"wp-block-column is-layout-flow wp-block-column-is-layout-flow\" style=\"flex-basis:33.33%\">\n<figure class=\"wp-block-image size-full\"><img decoding=\"async\" width=\"786\" height=\"524\" src=\"https:\/\/www.crpmna.fr\/wp-content\/uploads\/2025\/09\/54753309797_d65d041cee_c-edited.jpg\" alt=\"\" class=\"wp-image-4561\" srcset=\"https:\/\/www.crpmna.fr\/wp-content\/uploads\/2025\/09\/54753309797_d65d041cee_c-edited.jpg 786w, https:\/\/www.crpmna.fr\/wp-content\/uploads\/2025\/09\/54753309797_d65d041cee_c-edited-300x200.jpg 300w, https:\/\/www.crpmna.fr\/wp-content\/uploads\/2025\/09\/54753309797_d65d041cee_c-edited-768x512.jpg 768w\" sizes=\"(max-width: 786px) 100vw, 786px\" \/><\/figure>\n<\/div>\n<\/div>\n\n\n\n<div style=\"height:13px\" aria-hidden=\"true\" class=\"wp-block-spacer\"><\/div>\n\n\n\n<div class=\"wp-block-columns is-layout-flex wp-container-core-columns-is-layout-28f84493 wp-block-columns-is-layout-flex\">\n<div class=\"wp-block-column is-layout-flow wp-block-column-is-layout-flow\" style=\"flex-basis:33.33%\">\n<figure class=\"wp-block-image size-full\"><img decoding=\"async\" width=\"800\" height=\"533\" src=\"https:\/\/www.crpmna.fr\/wp-content\/uploads\/2025\/09\/54755156554_c81e4338df_c-edited.jpg\" alt=\"\" class=\"wp-image-4565\" srcset=\"https:\/\/www.crpmna.fr\/wp-content\/uploads\/2025\/09\/54755156554_c81e4338df_c-edited.jpg 800w, https:\/\/www.crpmna.fr\/wp-content\/uploads\/2025\/09\/54755156554_c81e4338df_c-edited-300x200.jpg 300w, https:\/\/www.crpmna.fr\/wp-content\/uploads\/2025\/09\/54755156554_c81e4338df_c-edited-768x512.jpg 768w\" sizes=\"(max-width: 800px) 100vw, 800px\" \/><\/figure>\n<\/div>\n\n\n\n<div class=\"wp-block-column is-layout-flow wp-block-column-is-layout-flow\" style=\"flex-basis:33.33%\">\n<figure class=\"wp-block-image size-full\"><img decoding=\"async\" width=\"800\" height=\"533\" src=\"https:\/\/www.crpmna.fr\/wp-content\/uploads\/2025\/09\/54754959161_8730281a3f_c-edited.jpg\" alt=\"\" class=\"wp-image-4564\" srcset=\"https:\/\/www.crpmna.fr\/wp-content\/uploads\/2025\/09\/54754959161_8730281a3f_c-edited.jpg 800w, https:\/\/www.crpmna.fr\/wp-content\/uploads\/2025\/09\/54754959161_8730281a3f_c-edited-300x200.jpg 300w, https:\/\/www.crpmna.fr\/wp-content\/uploads\/2025\/09\/54754959161_8730281a3f_c-edited-768x512.jpg 768w\" sizes=\"(max-width: 800px) 100vw, 800px\" \/><\/figure>\n<\/div>\n\n\n\n<div class=\"wp-block-column is-layout-flow wp-block-column-is-layout-flow\" style=\"flex-basis:33.33%\">\n<figure class=\"wp-block-image size-full\"><img decoding=\"async\" width=\"553\" height=\"369\" src=\"https:\/\/www.crpmna.fr\/wp-content\/uploads\/2025\/09\/54755175534_75e1a303d1_c-edited.jpg\" alt=\"\" class=\"wp-image-4567\" srcset=\"https:\/\/www.crpmna.fr\/wp-content\/uploads\/2025\/09\/54755175534_75e1a303d1_c-edited.jpg 553w, https:\/\/www.crpmna.fr\/wp-content\/uploads\/2025\/09\/54755175534_75e1a303d1_c-edited-300x200.jpg 300w\" sizes=\"(max-width: 553px) 100vw, 553px\" \/><\/figure>\n<\/div>\n<\/div>\n\n\n\n<div style=\"height:12px\" aria-hidden=\"true\" class=\"wp-block-spacer\"><\/div>\n\n\n\n<p>Bravo \u00e0 Louison Cazaly pour cette belle comp\u00e9tition ainsi qu&rsquo;aux athl\u00e8tes de l&rsquo;\u00e9quipe de France !<\/p>\n\n\n\n<p><em>\u00a9 photos : UIPM World Pentathlon \/Nuno Gon\u00e7alves<\/em><\/p>\n\n\n\n<p>Consulter l&rsquo;int\u00e9gralit\u00e9 des r\u00e9sultats <a href=\"https:\/\/www.uipmworld.org\/event\/uipm-2025-pentathlon-world-championships\" target=\"_blank\" rel=\"noreferrer noopener\">ici<\/a><\/p>\n\n\n\n<p><\/p>\n","protected":false},"excerpt":{"rendered":"<p>Les Championnats du monde seniors ont eu lieu du 24 au 31 ao\u00fbt 2025 \u00e0 Kaunas\u00a0en\u00a0Lituanie. Qualifications hommes Le 26<\/p>\n","protected":false},"author":7,"featured_media":4557,"comment_status":"closed","ping_status":"closed","sticky":false,"template":"","format":"standard","meta":{"colormag_page_container_layout":"default_layout","colormag_page_sidebar_layout":"default_layout","advgb_blocks_editor_width":"","advgb_blocks_columns_visual_guide":"","ngg_post_thumbnail":0,"footnotes":""},"categories":[9,24,23],"tags":[],"class_list":["post-4516","post","type-post","status-publish","format-standard","has-post-thumbnail","hentry","category-competitions","category-equipe-de-france","category-pole-france-releve-pentathlon-moderne-nouvelle-aquitaine"],"yoast_head":"<!-- This site is optimized with the Yoast SEO plugin v27.5 - https:\/\/yoast.com\/product\/yoast-seo-wordpress\/ -->\n<title>Championnats du Monde Seniors - CRPMNA<\/title>\n<meta name=\"description\" content=\"Les Championnats du monde seniors ont eu lieu du 24 au 31 ao\u00fbt 2025 \u00e0 Kaunas\u00a0en\u00a0Lituanie. Louison Cazaly termine 12e.\" \/>\n<meta name=\"robots\" content=\"index, follow, max-snippet:-1, max-image-preview:large, max-video-preview:-1\" \/>\n<link rel=\"canonical\" href=\"https:\/\/www.crpmna.fr\/index.php\/2025\/09\/05\/championnat-du-monde-senior\/\" \/>\n<meta property=\"og:locale\" content=\"fr_FR\" \/>\n<meta property=\"og:type\" content=\"article\" \/>\n<meta property=\"og:title\" content=\"Championnats du Monde Seniors - CRPMNA\" \/>\n<meta property=\"og:description\" content=\"Les Championnats du monde seniors ont eu lieu du 24 au 31 ao\u00fbt 2025 \u00e0 Kaunas\u00a0en\u00a0Lituanie. Louison Cazaly termine 12e.\" \/>\n<meta property=\"og:url\" content=\"https:\/\/www.crpmna.fr\/index.php\/2025\/09\/05\/championnat-du-monde-senior\/\" \/>\n<meta property=\"og:site_name\" content=\"CRPMNA\" \/>\n<meta property=\"article:publisher\" content=\"https:\/\/www.facebook.com\/crpmna.fr\" \/>\n<meta property=\"article:published_time\" content=\"2025-09-05T09:44:21+00:00\" \/>\n<meta property=\"article:modified_time\" content=\"2025-09-05T09:50:15+00:00\" \/>\n<meta property=\"og:image\" content=\"https:\/\/www.crpmna.fr\/wp-content\/uploads\/2025\/09\/54754161286_bb4884a66b_c-e1757001295769.jpg\" \/>\n\t<meta property=\"og:image:width\" content=\"800\" \/>\n\t<meta property=\"og:image:height\" content=\"417\" \/>\n\t<meta property=\"og:image:type\" content=\"image\/jpeg\" \/>\n<meta name=\"author\" content=\"Lisa ASQUOET\" \/>\n<meta name=\"twitter:card\" content=\"summary_large_image\" \/>\n<meta name=\"twitter:label1\" content=\"\u00c9crit par\" \/>\n\t<meta name=\"twitter:data1\" content=\"Lisa ASQUOET\" \/>\n\t<meta name=\"twitter:label2\" content=\"Dur\u00e9e de lecture estim\u00e9e\" \/>\n\t<meta name=\"twitter:data2\" content=\"6 minutes\" \/>\n<script type=\"application\/ld+json\" class=\"yoast-schema-graph\">{\"@context\":\"https:\\\/\\\/schema.org\",\"@graph\":[{\"@type\":\"Article\",\"@id\":\"https:\\\/\\\/www.crpmna.fr\\\/index.php\\\/2025\\\/09\\\/05\\\/championnat-du-monde-senior\\\/#article\",\"isPartOf\":{\"@id\":\"https:\\\/\\\/www.crpmna.fr\\\/index.php\\\/2025\\\/09\\\/05\\\/championnat-du-monde-senior\\\/\"},\"author\":{\"name\":\"Lisa ASQUOET\",\"@id\":\"https:\\\/\\\/www.crpmna.fr\\\/#\\\/schema\\\/person\\\/b3fc933d145bb46a51b572aebe3de5fb\"},\"headline\":\"Championnats du Monde Seniors\",\"datePublished\":\"2025-09-05T09:44:21+00:00\",\"dateModified\":\"2025-09-05T09:50:15+00:00\",\"mainEntityOfPage\":{\"@id\":\"https:\\\/\\\/www.crpmna.fr\\\/index.php\\\/2025\\\/09\\\/05\\\/championnat-du-monde-senior\\\/\"},\"wordCount\":259,\"publisher\":{\"@id\":\"https:\\\/\\\/www.crpmna.fr\\\/#organization\"},\"image\":{\"@id\":\"https:\\\/\\\/www.crpmna.fr\\\/index.php\\\/2025\\\/09\\\/05\\\/championnat-du-monde-senior\\\/#primaryimage\"},\"thumbnailUrl\":\"https:\\\/\\\/www.crpmna.fr\\\/wp-content\\\/uploads\\\/2025\\\/09\\\/54754161286_bb4884a66b_c-e1757001295769.jpg\",\"articleSection\":[\"Comp\u00e9titions\",\"\u00c9quipe de France\",\"P\u00f4le France Rel\u00e8ve Pentathlon Moderne Nouvelle-Aquitaine\"],\"inLanguage\":\"fr-FR\"},{\"@type\":\"WebPage\",\"@id\":\"https:\\\/\\\/www.crpmna.fr\\\/index.php\\\/2025\\\/09\\\/05\\\/championnat-du-monde-senior\\\/\",\"url\":\"https:\\\/\\\/www.crpmna.fr\\\/index.php\\\/2025\\\/09\\\/05\\\/championnat-du-monde-senior\\\/\",\"name\":\"Championnats du Monde Seniors - CRPMNA\",\"isPartOf\":{\"@id\":\"https:\\\/\\\/www.crpmna.fr\\\/#website\"},\"primaryImageOfPage\":{\"@id\":\"https:\\\/\\\/www.crpmna.fr\\\/index.php\\\/2025\\\/09\\\/05\\\/championnat-du-monde-senior\\\/#primaryimage\"},\"image\":{\"@id\":\"https:\\\/\\\/www.crpmna.fr\\\/index.php\\\/2025\\\/09\\\/05\\\/championnat-du-monde-senior\\\/#primaryimage\"},\"thumbnailUrl\":\"https:\\\/\\\/www.crpmna.fr\\\/wp-content\\\/uploads\\\/2025\\\/09\\\/54754161286_bb4884a66b_c-e1757001295769.jpg\",\"datePublished\":\"2025-09-05T09:44:21+00:00\",\"dateModified\":\"2025-09-05T09:50:15+00:00\",\"description\":\"Les Championnats du monde seniors ont eu lieu du 24 au 31 ao\u00fbt 2025 \u00e0 Kaunas\u00a0en\u00a0Lituanie. Louison Cazaly termine 12e.\",\"breadcrumb\":{\"@id\":\"https:\\\/\\\/www.crpmna.fr\\\/index.php\\\/2025\\\/09\\\/05\\\/championnat-du-monde-senior\\\/#breadcrumb\"},\"inLanguage\":\"fr-FR\",\"potentialAction\":[{\"@type\":\"ReadAction\",\"target\":[\"https:\\\/\\\/www.crpmna.fr\\\/index.php\\\/2025\\\/09\\\/05\\\/championnat-du-monde-senior\\\/\"]}]},{\"@type\":\"ImageObject\",\"inLanguage\":\"fr-FR\",\"@id\":\"https:\\\/\\\/www.crpmna.fr\\\/index.php\\\/2025\\\/09\\\/05\\\/championnat-du-monde-senior\\\/#primaryimage\",\"url\":\"https:\\\/\\\/www.crpmna.fr\\\/wp-content\\\/uploads\\\/2025\\\/09\\\/54754161286_bb4884a66b_c-e1757001295769.jpg\",\"contentUrl\":\"https:\\\/\\\/www.crpmna.fr\\\/wp-content\\\/uploads\\\/2025\\\/09\\\/54754161286_bb4884a66b_c-e1757001295769.jpg\",\"width\":800,\"height\":417},{\"@type\":\"BreadcrumbList\",\"@id\":\"https:\\\/\\\/www.crpmna.fr\\\/index.php\\\/2025\\\/09\\\/05\\\/championnat-du-monde-senior\\\/#breadcrumb\",\"itemListElement\":[{\"@type\":\"ListItem\",\"position\":1,\"name\":\"Home\",\"item\":\"https:\\\/\\\/www.crpmna.fr\\\/\"},{\"@type\":\"ListItem\",\"position\":2,\"name\":\"Championnats du Monde Seniors\"}]},{\"@type\":\"WebSite\",\"@id\":\"https:\\\/\\\/www.crpmna.fr\\\/#website\",\"url\":\"https:\\\/\\\/www.crpmna.fr\\\/\",\"name\":\"CRPMNA\",\"description\":\"Organiser et d\u00e9velopper la pratique du pentathlon moderne en Nouvelle Aquitaine\",\"publisher\":{\"@id\":\"https:\\\/\\\/www.crpmna.fr\\\/#organization\"},\"alternateName\":\"Comit\u00e9 R\u00e9gional de Pentathlon Moderne de Nouvelle-Aquitaine\",\"potentialAction\":[{\"@type\":\"SearchAction\",\"target\":{\"@type\":\"EntryPoint\",\"urlTemplate\":\"https:\\\/\\\/www.crpmna.fr\\\/?s={search_term_string}\"},\"query-input\":{\"@type\":\"PropertyValueSpecification\",\"valueRequired\":true,\"valueName\":\"search_term_string\"}}],\"inLanguage\":\"fr-FR\"},{\"@type\":\"Organization\",\"@id\":\"https:\\\/\\\/www.crpmna.fr\\\/#organization\",\"name\":\"CRPMNA\",\"alternateName\":\"Comit\u00e9 R\u00e9gional de Pentathlon Moderne de Nouvelle-Aquitaine\",\"url\":\"https:\\\/\\\/www.crpmna.fr\\\/\",\"logo\":{\"@type\":\"ImageObject\",\"inLanguage\":\"fr-FR\",\"@id\":\"https:\\\/\\\/www.crpmna.fr\\\/#\\\/schema\\\/logo\\\/image\\\/\",\"url\":\"https:\\\/\\\/www.crpmna.fr\\\/wp-content\\\/uploads\\\/2023\\\/10\\\/Logo-CRPMNA-noir-sans-fond.png\",\"contentUrl\":\"https:\\\/\\\/www.crpmna.fr\\\/wp-content\\\/uploads\\\/2023\\\/10\\\/Logo-CRPMNA-noir-sans-fond.png\",\"width\":2364,\"height\":2363,\"caption\":\"CRPMNA\"},\"image\":{\"@id\":\"https:\\\/\\\/www.crpmna.fr\\\/#\\\/schema\\\/logo\\\/image\\\/\"},\"sameAs\":[\"https:\\\/\\\/www.facebook.com\\\/crpmna.fr\",\"https:\\\/\\\/www.instagram.com\\\/crpmna\\\/\",\"https:\\\/\\\/www.youtube.com\\\/channel\\\/UCsnwnBbuM8lu46ibC6H2jEA\",\"https:\\\/\\\/www.linkedin.com\\\/company\\\/89200652\\\/admin\\\/\"]},{\"@type\":\"Person\",\"@id\":\"https:\\\/\\\/www.crpmna.fr\\\/#\\\/schema\\\/person\\\/b3fc933d145bb46a51b572aebe3de5fb\",\"name\":\"Lisa ASQUOET\",\"image\":{\"@type\":\"ImageObject\",\"inLanguage\":\"fr-FR\",\"@id\":\"https:\\\/\\\/secure.gravatar.com\\\/avatar\\\/9d9a776cc9779721f4b377fb9c88bd207820eeaf91bd727145ca82ccf271c261?s=96&d=mm&r=g\",\"url\":\"https:\\\/\\\/secure.gravatar.com\\\/avatar\\\/9d9a776cc9779721f4b377fb9c88bd207820eeaf91bd727145ca82ccf271c261?s=96&d=mm&r=g\",\"contentUrl\":\"https:\\\/\\\/secure.gravatar.com\\\/avatar\\\/9d9a776cc9779721f4b377fb9c88bd207820eeaf91bd727145ca82ccf271c261?s=96&d=mm&r=g\",\"caption\":\"Lisa ASQUOET\"},\"sameAs\":[\"http:\\\/\\\/www.crpmna.fr\"],\"url\":\"https:\\\/\\\/www.crpmna.fr\\\/index.php\\\/author\\\/charge-communication\\\/\"}]}<\/script>\n<!-- \/ Yoast SEO plugin. -->","yoast_head_json":{"title":"Championnats du Monde Seniors - CRPMNA","description":"Les Championnats du monde seniors ont eu lieu du 24 au 31 ao\u00fbt 2025 \u00e0 Kaunas\u00a0en\u00a0Lituanie. Louison Cazaly termine 12e.","robots":{"index":"index","follow":"follow","max-snippet":"max-snippet:-1","max-image-preview":"max-image-preview:large","max-video-preview":"max-video-preview:-1"},"canonical":"https:\/\/www.crpmna.fr\/index.php\/2025\/09\/05\/championnat-du-monde-senior\/","og_locale":"fr_FR","og_type":"article","og_title":"Championnats du Monde Seniors - CRPMNA","og_description":"Les Championnats du monde seniors ont eu lieu du 24 au 31 ao\u00fbt 2025 \u00e0 Kaunas\u00a0en\u00a0Lituanie. Louison Cazaly termine 12e.","og_url":"https:\/\/www.crpmna.fr\/index.php\/2025\/09\/05\/championnat-du-monde-senior\/","og_site_name":"CRPMNA","article_publisher":"https:\/\/www.facebook.com\/crpmna.fr","article_published_time":"2025-09-05T09:44:21+00:00","article_modified_time":"2025-09-05T09:50:15+00:00","og_image":[{"width":800,"height":417,"url":"https:\/\/www.crpmna.fr\/wp-content\/uploads\/2025\/09\/54754161286_bb4884a66b_c-e1757001295769.jpg","type":"image\/jpeg"}],"author":"Lisa ASQUOET","twitter_card":"summary_large_image","twitter_misc":{"\u00c9crit par":"Lisa ASQUOET","Dur\u00e9e de lecture estim\u00e9e":"6 minutes"},"schema":{"@context":"https:\/\/schema.org","@graph":[{"@type":"Article","@id":"https:\/\/www.crpmna.fr\/index.php\/2025\/09\/05\/championnat-du-monde-senior\/#article","isPartOf":{"@id":"https:\/\/www.crpmna.fr\/index.php\/2025\/09\/05\/championnat-du-monde-senior\/"},"author":{"name":"Lisa ASQUOET","@id":"https:\/\/www.crpmna.fr\/#\/schema\/person\/b3fc933d145bb46a51b572aebe3de5fb"},"headline":"Championnats du Monde Seniors","datePublished":"2025-09-05T09:44:21+00:00","dateModified":"2025-09-05T09:50:15+00:00","mainEntityOfPage":{"@id":"https:\/\/www.crpmna.fr\/index.php\/2025\/09\/05\/championnat-du-monde-senior\/"},"wordCount":259,"publisher":{"@id":"https:\/\/www.crpmna.fr\/#organization"},"image":{"@id":"https:\/\/www.crpmna.fr\/index.php\/2025\/09\/05\/championnat-du-monde-senior\/#primaryimage"},"thumbnailUrl":"https:\/\/www.crpmna.fr\/wp-content\/uploads\/2025\/09\/54754161286_bb4884a66b_c-e1757001295769.jpg","articleSection":["Comp\u00e9titions","\u00c9quipe de France","P\u00f4le France Rel\u00e8ve Pentathlon Moderne Nouvelle-Aquitaine"],"inLanguage":"fr-FR"},{"@type":"WebPage","@id":"https:\/\/www.crpmna.fr\/index.php\/2025\/09\/05\/championnat-du-monde-senior\/","url":"https:\/\/www.crpmna.fr\/index.php\/2025\/09\/05\/championnat-du-monde-senior\/","name":"Championnats du Monde Seniors - CRPMNA","isPartOf":{"@id":"https:\/\/www.crpmna.fr\/#website"},"primaryImageOfPage":{"@id":"https:\/\/www.crpmna.fr\/index.php\/2025\/09\/05\/championnat-du-monde-senior\/#primaryimage"},"image":{"@id":"https:\/\/www.crpmna.fr\/index.php\/2025\/09\/05\/championnat-du-monde-senior\/#primaryimage"},"thumbnailUrl":"https:\/\/www.crpmna.fr\/wp-content\/uploads\/2025\/09\/54754161286_bb4884a66b_c-e1757001295769.jpg","datePublished":"2025-09-05T09:44:21+00:00","dateModified":"2025-09-05T09:50:15+00:00","description":"Les Championnats du monde seniors ont eu lieu du 24 au 31 ao\u00fbt 2025 \u00e0 Kaunas\u00a0en\u00a0Lituanie. Louison Cazaly termine 12e.","breadcrumb":{"@id":"https:\/\/www.crpmna.fr\/index.php\/2025\/09\/05\/championnat-du-monde-senior\/#breadcrumb"},"inLanguage":"fr-FR","potentialAction":[{"@type":"ReadAction","target":["https:\/\/www.crpmna.fr\/index.php\/2025\/09\/05\/championnat-du-monde-senior\/"]}]},{"@type":"ImageObject","inLanguage":"fr-FR","@id":"https:\/\/www.crpmna.fr\/index.php\/2025\/09\/05\/championnat-du-monde-senior\/#primaryimage","url":"https:\/\/www.crpmna.fr\/wp-content\/uploads\/2025\/09\/54754161286_bb4884a66b_c-e1757001295769.jpg","contentUrl":"https:\/\/www.crpmna.fr\/wp-content\/uploads\/2025\/09\/54754161286_bb4884a66b_c-e1757001295769.jpg","width":800,"height":417},{"@type":"BreadcrumbList","@id":"https:\/\/www.crpmna.fr\/index.php\/2025\/09\/05\/championnat-du-monde-senior\/#breadcrumb","itemListElement":[{"@type":"ListItem","position":1,"name":"Home","item":"https:\/\/www.crpmna.fr\/"},{"@type":"ListItem","position":2,"name":"Championnats du Monde Seniors"}]},{"@type":"WebSite","@id":"https:\/\/www.crpmna.fr\/#website","url":"https:\/\/www.crpmna.fr\/","name":"CRPMNA","description":"Organiser et d\u00e9velopper la pratique du pentathlon moderne en Nouvelle Aquitaine","publisher":{"@id":"https:\/\/www.crpmna.fr\/#organization"},"alternateName":"Comit\u00e9 R\u00e9gional de Pentathlon Moderne de Nouvelle-Aquitaine","potentialAction":[{"@type":"SearchAction","target":{"@type":"EntryPoint","urlTemplate":"https:\/\/www.crpmna.fr\/?s={search_term_string}"},"query-input":{"@type":"PropertyValueSpecification","valueRequired":true,"valueName":"search_term_string"}}],"inLanguage":"fr-FR"},{"@type":"Organization","@id":"https:\/\/www.crpmna.fr\/#organization","name":"CRPMNA","alternateName":"Comit\u00e9 R\u00e9gional de Pentathlon Moderne de Nouvelle-Aquitaine","url":"https:\/\/www.crpmna.fr\/","logo":{"@type":"ImageObject","inLanguage":"fr-FR","@id":"https:\/\/www.crpmna.fr\/#\/schema\/logo\/image\/","url":"https:\/\/www.crpmna.fr\/wp-content\/uploads\/2023\/10\/Logo-CRPMNA-noir-sans-fond.png","contentUrl":"https:\/\/www.crpmna.fr\/wp-content\/uploads\/2023\/10\/Logo-CRPMNA-noir-sans-fond.png","width":2364,"height":2363,"caption":"CRPMNA"},"image":{"@id":"https:\/\/www.crpmna.fr\/#\/schema\/logo\/image\/"},"sameAs":["https:\/\/www.facebook.com\/crpmna.fr","https:\/\/www.instagram.com\/crpmna\/","https:\/\/www.youtube.com\/channel\/UCsnwnBbuM8lu46ibC6H2jEA","https:\/\/www.linkedin.com\/company\/89200652\/admin\/"]},{"@type":"Person","@id":"https:\/\/www.crpmna.fr\/#\/schema\/person\/b3fc933d145bb46a51b572aebe3de5fb","name":"Lisa ASQUOET","image":{"@type":"ImageObject","inLanguage":"fr-FR","@id":"https:\/\/secure.gravatar.com\/avatar\/9d9a776cc9779721f4b377fb9c88bd207820eeaf91bd727145ca82ccf271c261?s=96&d=mm&r=g","url":"https:\/\/secure.gravatar.com\/avatar\/9d9a776cc9779721f4b377fb9c88bd207820eeaf91bd727145ca82ccf271c261?s=96&d=mm&r=g","contentUrl":"https:\/\/secure.gravatar.com\/avatar\/9d9a776cc9779721f4b377fb9c88bd207820eeaf91bd727145ca82ccf271c261?s=96&d=mm&r=g","caption":"Lisa ASQUOET"},"sameAs":["http:\/\/www.crpmna.fr"],"url":"https:\/\/www.crpmna.fr\/index.php\/author\/charge-communication\/"}]}},"author_meta":{"display_name":"Lisa ASQUOET","author_link":"https:\/\/www.crpmna.fr\/index.php\/author\/charge-communication\/"},"featured_img":"https:\/\/www.crpmna.fr\/wp-content\/uploads\/2025\/09\/54754161286_bb4884a66b_c-e1757001295769-300x156.jpg","coauthors":[],"tax_additional":{"categories":{"linked":["<a href=\"https:\/\/www.crpmna.fr\/index.php\/category\/competitions\/\" class=\"advgb-post-tax-term\">Comp\u00e9titions<\/a>","<a href=\"https:\/\/www.crpmna.fr\/index.php\/category\/equipe-de-france\/\" class=\"advgb-post-tax-term\">\u00c9quipe de France<\/a>","<a href=\"https:\/\/www.crpmna.fr\/index.php\/category\/pole-france-releve-pentathlon-moderne-nouvelle-aquitaine\/\" class=\"advgb-post-tax-term\">P\u00f4le France Rel\u00e8ve Pentathlon Moderne Nouvelle-Aquitaine<\/a>"],"unlinked":["<span class=\"advgb-post-tax-term\">Comp\u00e9titions<\/span>","<span class=\"advgb-post-tax-term\">\u00c9quipe de France<\/span>","<span class=\"advgb-post-tax-term\">P\u00f4le France Rel\u00e8ve Pentathlon Moderne Nouvelle-Aquitaine<\/span>"]}},"comment_count":"0","relative_dates":{"created":"Publi\u00e9 8 mois il y a","modified":"Mis \u00e0 jour 8 mois il y a"},"absolute_dates":{"created":"Publi\u00e9 le 5 septembre 2025","modified":"Mise \u00e0 jour le 5 septembre 2025"},"absolute_dates_time":{"created":"Publi\u00e9 le 5 septembre 2025 11 h 44 min","modified":"Mise \u00e0 jour le 5 septembre 2025 11 h 50 min"},"featured_img_caption":"","series_order":"","_links":{"self":[{"href":"https:\/\/www.crpmna.fr\/index.php\/wp-json\/wp\/v2\/posts\/4516","targetHints":{"allow":["GET"]}}],"collection":[{"href":"https:\/\/www.crpmna.fr\/index.php\/wp-json\/wp\/v2\/posts"}],"about":[{"href":"https:\/\/www.crpmna.fr\/index.php\/wp-json\/wp\/v2\/types\/post"}],"author":[{"embeddable":true,"href":"https:\/\/www.crpmna.fr\/index.php\/wp-json\/wp\/v2\/users\/7"}],"replies":[{"embeddable":true,"href":"https:\/\/www.crpmna.fr\/index.php\/wp-json\/wp\/v2\/comments?post=4516"}],"version-history":[{"count":6,"href":"https:\/\/www.crpmna.fr\/index.php\/wp-json\/wp\/v2\/posts\/4516\/revisions"}],"predecessor-version":[{"id":4571,"href":"https:\/\/www.crpmna.fr\/index.php\/wp-json\/wp\/v2\/posts\/4516\/revisions\/4571"}],"wp:featuredmedia":[{"embeddable":true,"href":"https:\/\/www.crpmna.fr\/index.php\/wp-json\/wp\/v2\/media\/4557"}],"wp:attachment":[{"href":"https:\/\/www.crpmna.fr\/index.php\/wp-json\/wp\/v2\/media?parent=4516"}],"wp:term":[{"taxonomy":"category","embeddable":true,"href":"https:\/\/www.crpmna.fr\/index.php\/wp-json\/wp\/v2\/categories?post=4516"},{"taxonomy":"post_tag","embeddable":true,"href":"https:\/\/www.crpmna.fr\/index.php\/wp-json\/wp\/v2\/tags?post=4516"}],"curies":[{"name":"wp","href":"https:\/\/api.w.org\/{rel}","templated":true}]}}