{"id":4718,"date":"2025-12-09T10:05:21","date_gmt":"2025-12-09T09:05:21","guid":{"rendered":"https:\/\/www.crpmna.fr\/?p=4718"},"modified":"2025-12-09T11:56:20","modified_gmt":"2025-12-09T10:56:20","slug":"championnats-de-france-seniors","status":"publish","type":"post","link":"https:\/\/www.crpmna.fr\/index.php\/2025\/12\/09\/championnats-de-france-seniors\/","title":{"rendered":"Championnats de France S\u00e9niors"},"content":{"rendered":"\n<p>Les Championnats de France seniors ont eu lieu les 6 et 7 d\u00e9cembre \u00e0 l\u2019INSEP.<\/p>\n\n\n\n<p>Le samedi 6, apr\u00e8s les qualifications, les 18 femmes et les 18 hommes les plus performants se sont affront\u00e9s en finales le dimanche 7, avant la c\u00e9r\u00e9monie de remise des prix.<\/p>\n\n\n\n<p>Coline Flavin (8\u1d49 mondiale), Louison Cazaly (10\u1d49 mondiale) et Mathilde Derval (64\u1d49 mondiale) \u00e9taient les principales pr\u00e9tendantes au titre chez les femmes.<\/p>\n\n\n\n<div class=\"wp-block-columns is-layout-flex wp-container-core-columns-is-layout-28f84493 wp-block-columns-is-layout-flex\">\n<div class=\"wp-block-column is-layout-flow wp-block-column-is-layout-flow\">\n<figure class=\"wp-block-image size-full\"><img decoding=\"async\" width=\"1024\" height=\"682\" src=\"https:\/\/www.crpmna.fr\/wp-content\/uploads\/2025\/12\/Louison-Cazaly-1024x682-1.jpeg\" alt=\"\" class=\"wp-image-4720\" srcset=\"https:\/\/www.crpmna.fr\/wp-content\/uploads\/2025\/12\/Louison-Cazaly-1024x682-1.jpeg 1024w, https:\/\/www.crpmna.fr\/wp-content\/uploads\/2025\/12\/Louison-Cazaly-1024x682-1-300x200.jpeg 300w, https:\/\/www.crpmna.fr\/wp-content\/uploads\/2025\/12\/Louison-Cazaly-1024x682-1-768x512.jpeg 768w\" sizes=\"(max-width: 1024px) 100vw, 1024px\" \/><\/figure>\n<\/div>\n\n\n\n<div class=\"wp-block-column is-layout-flow wp-block-column-is-layout-flow\">\n<figure class=\"wp-block-image size-full is-resized\"><img decoding=\"async\" width=\"1024\" height=\"713\" src=\"https:\/\/www.crpmna.fr\/wp-content\/uploads\/2025\/12\/Mathilde-Derval-1024x713-1.jpg\" alt=\"\" class=\"wp-image-4721\" style=\"aspect-ratio:1.4363120567375887;width:226px;height:auto\" srcset=\"https:\/\/www.crpmna.fr\/wp-content\/uploads\/2025\/12\/Mathilde-Derval-1024x713-1.jpg 1024w, https:\/\/www.crpmna.fr\/wp-content\/uploads\/2025\/12\/Mathilde-Derval-1024x713-1-300x209.jpg 300w, https:\/\/www.crpmna.fr\/wp-content\/uploads\/2025\/12\/Mathilde-Derval-1024x713-1-768x535.jpg 768w, https:\/\/www.crpmna.fr\/wp-content\/uploads\/2025\/12\/Mathilde-Derval-1024x713-1-392x272.jpg 392w, https:\/\/www.crpmna.fr\/wp-content\/uploads\/2025\/12\/Mathilde-Derval-1024x713-1-130x90.jpg 130w\" sizes=\"(max-width: 1024px) 100vw, 1024px\" \/><\/figure>\n<\/div>\n\n\n\n<div class=\"wp-block-column is-layout-flow wp-block-column-is-layout-flow\">\n<figure class=\"wp-block-image size-full\"><img decoding=\"async\" width=\"1024\" height=\"682\" src=\"https:\/\/www.crpmna.fr\/wp-content\/uploads\/2025\/12\/Coline-Flavin-1024x682-1.jpg\" alt=\"\" class=\"wp-image-4722\" srcset=\"https:\/\/www.crpmna.fr\/wp-content\/uploads\/2025\/12\/Coline-Flavin-1024x682-1.jpg 1024w, https:\/\/www.crpmna.fr\/wp-content\/uploads\/2025\/12\/Coline-Flavin-1024x682-1-300x200.jpg 300w, https:\/\/www.crpmna.fr\/wp-content\/uploads\/2025\/12\/Coline-Flavin-1024x682-1-768x512.jpg 768w\" sizes=\"(max-width: 1024px) 100vw, 1024px\" \/><\/figure>\n<\/div>\n<\/div>\n\n\n\n<p>Chez les hommes, on a Mathis Rochat (7\u00e8me du monde et vice-champion), Ugo Fleurot (3\u00e8me), Jean-Baptiste Mourcia (6\u00e8me), Valentin Belaud (13\u00e8me) et L\u00e9o Bories (23\u00e8me).<\/p>\n\n\n\n<div class=\"wp-block-columns is-layout-flex wp-container-core-columns-is-layout-28f84493 wp-block-columns-is-layout-flex\">\n<div class=\"wp-block-column is-layout-flow wp-block-column-is-layout-flow\">\n<figure class=\"wp-block-image size-full\"><img decoding=\"async\" width=\"768\" height=\"768\" src=\"https:\/\/www.crpmna.fr\/wp-content\/uploads\/2025\/12\/Jean-Baptiste-Mourcia-1-768x768-1.jpeg\" alt=\"\" class=\"wp-image-4725\" srcset=\"https:\/\/www.crpmna.fr\/wp-content\/uploads\/2025\/12\/Jean-Baptiste-Mourcia-1-768x768-1.jpeg 768w, https:\/\/www.crpmna.fr\/wp-content\/uploads\/2025\/12\/Jean-Baptiste-Mourcia-1-768x768-1-300x300.jpeg 300w, https:\/\/www.crpmna.fr\/wp-content\/uploads\/2025\/12\/Jean-Baptiste-Mourcia-1-768x768-1-150x150.jpeg 150w\" sizes=\"(max-width: 768px) 100vw, 768px\" \/><\/figure>\n<\/div>\n\n\n\n<div class=\"wp-block-column is-layout-flow wp-block-column-is-layout-flow\">\n<figure class=\"wp-block-image size-full\"><img decoding=\"async\" width=\"768\" height=\"768\" src=\"https:\/\/www.crpmna.fr\/wp-content\/uploads\/2025\/12\/Valentin-Belaud-1-768x768-1.jpg\" alt=\"\" class=\"wp-image-4726\" srcset=\"https:\/\/www.crpmna.fr\/wp-content\/uploads\/2025\/12\/Valentin-Belaud-1-768x768-1.jpg 768w, https:\/\/www.crpmna.fr\/wp-content\/uploads\/2025\/12\/Valentin-Belaud-1-768x768-1-300x300.jpg 300w, https:\/\/www.crpmna.fr\/wp-content\/uploads\/2025\/12\/Valentin-Belaud-1-768x768-1-150x150.jpg 150w\" sizes=\"(max-width: 768px) 100vw, 768px\" \/><\/figure>\n<\/div>\n\n\n\n<div class=\"wp-block-column is-layout-flow wp-block-column-is-layout-flow\">\n<figure class=\"wp-block-gallery has-nested-images columns-default is-cropped wp-block-gallery-1 is-layout-flex wp-block-gallery-is-layout-flex\">\n<figure class=\"wp-block-image size-full\"><img decoding=\"async\" width=\"616\" height=\"616\" data-id=\"4728\" src=\"https:\/\/www.crpmna.fr\/wp-content\/uploads\/2025\/12\/Ugo-Fleurot-1-616x768-1-edited.jpg\" alt=\"\" class=\"wp-image-4728\" srcset=\"https:\/\/www.crpmna.fr\/wp-content\/uploads\/2025\/12\/Ugo-Fleurot-1-616x768-1-edited.jpg 616w, https:\/\/www.crpmna.fr\/wp-content\/uploads\/2025\/12\/Ugo-Fleurot-1-616x768-1-edited-300x300.jpg 300w, https:\/\/www.crpmna.fr\/wp-content\/uploads\/2025\/12\/Ugo-Fleurot-1-616x768-1-edited-150x150.jpg 150w\" sizes=\"(max-width: 616px) 100vw, 616px\" \/><\/figure>\n<\/figure>\n<\/div>\n\n\n\n<div class=\"wp-block-column is-layout-flow wp-block-column-is-layout-flow\">\n<figure class=\"wp-block-image size-full\"><img decoding=\"async\" width=\"768\" height=\"768\" src=\"https:\/\/www.crpmna.fr\/wp-content\/uploads\/2025\/12\/Leo-Bories-1-1015x768-1-edited.jpg\" alt=\"\" class=\"wp-image-4730\" srcset=\"https:\/\/www.crpmna.fr\/wp-content\/uploads\/2025\/12\/Leo-Bories-1-1015x768-1-edited.jpg 768w, https:\/\/www.crpmna.fr\/wp-content\/uploads\/2025\/12\/Leo-Bories-1-1015x768-1-edited-300x300.jpg 300w, https:\/\/www.crpmna.fr\/wp-content\/uploads\/2025\/12\/Leo-Bories-1-1015x768-1-edited-150x150.jpg 150w\" sizes=\"(max-width: 768px) 100vw, 768px\" \/><\/figure>\n<\/div>\n\n\n\n<div class=\"wp-block-column is-layout-flow wp-block-column-is-layout-flow\">\n<figure class=\"wp-block-image size-full\"><img decoding=\"async\" width=\"682\" height=\"682\" src=\"https:\/\/www.crpmna.fr\/wp-content\/uploads\/2025\/12\/Mathis-Rochat-1-1024x682-1-edited.jpg\" alt=\"\" class=\"wp-image-4732\" srcset=\"https:\/\/www.crpmna.fr\/wp-content\/uploads\/2025\/12\/Mathis-Rochat-1-1024x682-1-edited.jpg 682w, https:\/\/www.crpmna.fr\/wp-content\/uploads\/2025\/12\/Mathis-Rochat-1-1024x682-1-edited-300x300.jpg 300w, https:\/\/www.crpmna.fr\/wp-content\/uploads\/2025\/12\/Mathis-Rochat-1-1024x682-1-edited-150x150.jpg 150w\" sizes=\"(max-width: 682px) 100vw, 682px\" \/><\/figure>\n<\/div>\n<\/div>\n\n\n\n<p class=\"has-text-align-center\"><strong>Podiums<\/strong><\/p>\n\n\n\n<div class=\"wp-block-columns is-layout-flex wp-container-core-columns-is-layout-28f84493 wp-block-columns-is-layout-flex\">\n<div class=\"wp-block-column is-layout-flow wp-block-column-is-layout-flow\">\n<p><strong>Homme (Open) :&nbsp;<\/strong><\/p>\n\n\n\n<p>\ud83e\udd47<strong>L\u00e9o BORIES<\/strong>&nbsp;(VGA) <strong>Champion de France 2025<\/strong> avec&nbsp;1599 points&nbsp;<\/p>\n\n\n\n<p>\ud83e\udd48<strong>Ugo FLEUROT<\/strong>&nbsp;(VGA) avec&nbsp;1582 pts&nbsp;<\/p>\n\n\n\n<p>\ud83e\udd49<strong>Florent SCHOEN&nbsp;<\/strong>(RMA) avec&nbsp;1579 pts&nbsp;<\/p>\n<\/div>\n\n\n\n<div class=\"wp-block-column is-layout-flow wp-block-column-is-layout-flow\">\n<p><strong>Homme (France) :&nbsp;<\/strong><\/p>\n\n\n\n<p>\ud83e\udd47<strong>L\u00e9o BORIES<\/strong>&nbsp;(VGA) <strong>Champion de France 2025<\/strong> avec&nbsp;1599<strong> <\/strong>points&nbsp;<\/p>\n\n\n\n<p>\ud83e\udd48<strong>Ugo FLEUROT<\/strong>&nbsp;(VGA) avec&nbsp;1582 pts&nbsp;<\/p>\n\n\n\n<p>\ud83e\udd49<strong>Florent SCHOEN&nbsp;<\/strong>(RMA) avec&nbsp;1579 pts&nbsp;<\/p>\n<\/div>\n\n\n\n<div class=\"wp-block-column is-layout-flow wp-block-column-is-layout-flow\">\n<p><strong>Podium par \u00e9quipe Homme (France) :&nbsp;<\/strong><\/p>\n\n\n\n<p>\ud83e\udd47<strong>VGA<\/strong>&nbsp;avec&nbsp;<strong>4745 points&nbsp;<\/strong>(<strong>L\u00e9o BORIES<\/strong> : 1599 pts, <strong>Ugo FLEUROT<\/strong> : 1582 pts, <strong>Diego LAVILLAT<\/strong>&nbsp;: 1564 pts)<\/p>\n\n\n\n<p>\ud83e\udd48<strong>RMA<\/strong>&nbsp;avec&nbsp;4682<strong> <\/strong>points&nbsp;(<strong>Florent SCHOEN<\/strong> : 1579 pts, <strong>C\u00e9dric CHATELIER<\/strong> : 1558 pts, <strong>Melvin PERRIER<\/strong> : 1545 pts)<\/p>\n\n\n\n<p>\ud83e\udd49<strong>RMA B&nbsp;<\/strong>avec&nbsp;3012&nbsp;points<strong>&nbsp;<\/strong>(<strong>Mathis ROCHAT<\/strong> : 1530 pts, Jean-<strong>Baptiste MOURCIA<\/strong> : 1482 pts, <strong>Karl FURDERER<\/strong> : DNS)<\/p>\n<\/div>\n<\/div>\n\n\n\n<div class=\"wp-block-columns is-layout-flex wp-container-core-columns-is-layout-28f84493 wp-block-columns-is-layout-flex\">\n<div class=\"wp-block-column is-layout-flow wp-block-column-is-layout-flow\">\n<figure class=\"wp-block-image size-large\"><img decoding=\"async\" width=\"1080\" height=\"1080\" src=\"https:\/\/www.crpmna.fr\/wp-content\/uploads\/2025\/12\/podium-homme-1-edited.jpg\" alt=\"\" class=\"wp-image-4736\" srcset=\"https:\/\/www.crpmna.fr\/wp-content\/uploads\/2025\/12\/podium-homme-1-edited.jpg 1080w, https:\/\/www.crpmna.fr\/wp-content\/uploads\/2025\/12\/podium-homme-1-edited-300x300.jpg 300w, https:\/\/www.crpmna.fr\/wp-content\/uploads\/2025\/12\/podium-homme-1-edited-1024x1024.jpg 1024w, https:\/\/www.crpmna.fr\/wp-content\/uploads\/2025\/12\/podium-homme-1-edited-150x150.jpg 150w, https:\/\/www.crpmna.fr\/wp-content\/uploads\/2025\/12\/podium-homme-1-edited-768x768.jpg 768w\" sizes=\"(max-width: 1080px) 100vw, 1080px\" \/><\/figure>\n<\/div>\n\n\n\n<div class=\"wp-block-column is-layout-flow wp-block-column-is-layout-flow\">\n<figure class=\"wp-block-image size-large\"><img decoding=\"async\" width=\"1080\" height=\"1080\" src=\"https:\/\/www.crpmna.fr\/wp-content\/uploads\/2025\/12\/podium-homme-par-equipe-edited.jpg\" alt=\"\" class=\"wp-image-4735\" srcset=\"https:\/\/www.crpmna.fr\/wp-content\/uploads\/2025\/12\/podium-homme-par-equipe-edited.jpg 1080w, https:\/\/www.crpmna.fr\/wp-content\/uploads\/2025\/12\/podium-homme-par-equipe-edited-300x300.jpg 300w, https:\/\/www.crpmna.fr\/wp-content\/uploads\/2025\/12\/podium-homme-par-equipe-edited-1024x1024.jpg 1024w, https:\/\/www.crpmna.fr\/wp-content\/uploads\/2025\/12\/podium-homme-par-equipe-edited-150x150.jpg 150w, https:\/\/www.crpmna.fr\/wp-content\/uploads\/2025\/12\/podium-homme-par-equipe-edited-768x768.jpg 768w\" sizes=\"(max-width: 1080px) 100vw, 1080px\" \/><\/figure>\n<\/div>\n<\/div>\n\n\n\n<div class=\"wp-block-columns is-layout-flex wp-container-core-columns-is-layout-28f84493 wp-block-columns-is-layout-flex\">\n<div class=\"wp-block-column is-layout-flow wp-block-column-is-layout-flow\">\n<p><strong>Femme (Open) :&nbsp;<\/strong><\/p>\n\n\n\n<p>\ud83e\udd47<strong>Coline FLAVIN<\/strong>&nbsp;(Bordeaux) <strong>Championne de France Open 2025<\/strong> avec&nbsp;1441 points&nbsp;<\/p>\n\n\n\n<p>\ud83e\udd48<strong>Mathilde DERVAL<\/strong>&nbsp;(VGA) avec&nbsp;1420 points&nbsp;<\/p>\n\n\n\n<p>\ud83e\udd49<strong>Poppy CLARK&nbsp;<\/strong>(Grande Bretagne\ud83c\uddec\ud83c\udde7) avec&nbsp;1415 points&nbsp;<\/p>\n<\/div>\n\n\n\n<div class=\"wp-block-column is-layout-flow wp-block-column-is-layout-flow\">\n<p><strong>Femme (France) :&nbsp;<\/strong><\/p>\n\n\n\n<p>\ud83e\udd47<strong>Coline FLAVIN<\/strong>&nbsp;(Bordeaux) <strong>Championne de France 2025<\/strong> avec&nbsp;1441 points&nbsp;<\/p>\n\n\n\n<p>\ud83e\udd48<strong>Mathilde DERVAL<\/strong>&nbsp;(VGA) avec&nbsp;1420 points<strong>&nbsp;<\/strong><\/p>\n\n\n\n<p>\ud83e\udd49<strong>Alana SINTES<\/strong>&nbsp;(Salanques) avec&nbsp;1357 points&nbsp;<\/p>\n<\/div>\n\n\n\n<div class=\"wp-block-column is-layout-flow wp-block-column-is-layout-flow\">\n<p><strong>Podium par \u00e9quipe Femme :<\/strong><\/p>\n\n\n\n<p>\ud83e\udd47<strong>Bordeaux<\/strong>&nbsp;avec&nbsp;4067 points&nbsp;(<strong>Coline FLAVIN<\/strong> : 1441 pts, <strong>Isabella PONDAVEN<\/strong> : 1334 pts, <strong>Anouck TOULEMONDE<\/strong> : 1292 pts)<\/p>\n\n\n\n<p>\ud83e\udd48<strong>Perpignan<\/strong>&nbsp;avec&nbsp;3095 points&nbsp;(<strong>L\u00e9onie AUGE<\/strong> : 1139 pts, <strong>Alice PRATS ALAMI<\/strong> : 1001, <strong>Emma MARCHAND<\/strong> : 955 pts)<\/p>\n<\/div>\n<\/div>\n\n\n\n<div style=\"height:13px\" aria-hidden=\"true\" class=\"wp-block-spacer\"><\/div>\n\n\n\n<div class=\"wp-block-columns is-layout-flex wp-container-core-columns-is-layout-28f84493 wp-block-columns-is-layout-flex\">\n<div class=\"wp-block-column is-layout-flow wp-block-column-is-layout-flow\">\n<figure class=\"wp-block-image size-large\"><img decoding=\"async\" width=\"1543\" height=\"1544\" src=\"https:\/\/www.crpmna.fr\/wp-content\/uploads\/2025\/12\/podium-femme-1543x2048-1-edited.jpeg\" alt=\"\" class=\"wp-image-4740\" srcset=\"https:\/\/www.crpmna.fr\/wp-content\/uploads\/2025\/12\/podium-femme-1543x2048-1-edited.jpeg 1543w, https:\/\/www.crpmna.fr\/wp-content\/uploads\/2025\/12\/podium-femme-1543x2048-1-edited-300x300.jpeg 300w, https:\/\/www.crpmna.fr\/wp-content\/uploads\/2025\/12\/podium-femme-1543x2048-1-edited-1024x1024.jpeg 1024w, https:\/\/www.crpmna.fr\/wp-content\/uploads\/2025\/12\/podium-femme-1543x2048-1-edited-150x150.jpeg 150w, https:\/\/www.crpmna.fr\/wp-content\/uploads\/2025\/12\/podium-femme-1543x2048-1-edited-768x768.jpeg 768w, https:\/\/www.crpmna.fr\/wp-content\/uploads\/2025\/12\/podium-femme-1543x2048-1-edited-1536x1536.jpeg 1536w\" sizes=\"(max-width: 1543px) 100vw, 1543px\" \/><\/figure>\n<\/div>\n\n\n\n<div class=\"wp-block-column is-layout-flow wp-block-column-is-layout-flow\">\n<figure class=\"wp-block-image size-large\"><img decoding=\"async\" width=\"1152\" height=\"1152\" src=\"https:\/\/www.crpmna.fr\/wp-content\/uploads\/2025\/12\/podium-open-1-1152x1536-1-edited.jpeg\" alt=\"\" class=\"wp-image-4742\" srcset=\"https:\/\/www.crpmna.fr\/wp-content\/uploads\/2025\/12\/podium-open-1-1152x1536-1-edited.jpeg 1152w, https:\/\/www.crpmna.fr\/wp-content\/uploads\/2025\/12\/podium-open-1-1152x1536-1-edited-300x300.jpeg 300w, https:\/\/www.crpmna.fr\/wp-content\/uploads\/2025\/12\/podium-open-1-1152x1536-1-edited-1024x1024.jpeg 1024w, https:\/\/www.crpmna.fr\/wp-content\/uploads\/2025\/12\/podium-open-1-1152x1536-1-edited-150x150.jpeg 150w, https:\/\/www.crpmna.fr\/wp-content\/uploads\/2025\/12\/podium-open-1-1152x1536-1-edited-768x768.jpeg 768w\" sizes=\"(max-width: 1152px) 100vw, 1152px\" \/><\/figure>\n<\/div>\n\n\n\n<div class=\"wp-block-column is-layout-flow wp-block-column-is-layout-flow\">\n<figure class=\"wp-block-image size-large\"><img decoding=\"async\" src=\"https:\/\/www.crpmna.fr\/wp-content\/uploads\/2025\/12\/IMG_0116-1152x1536-1-edited.jpeg\" alt=\"\" class=\"wp-image-4741\"\/><\/figure>\n<\/div>\n<\/div>\n\n\n\n<p>F\u00e9licitations \u00e0 Coline Flavin, Louison Cazaly, Anouck Toulemonde et Isabella Pondaven pour cette magnifique comp\u00e9tition, ainsi qu&rsquo;aux athl\u00e8tes de l&rsquo;\u00e9quipe de France !<\/p>\n\n\n\n<p><em>\u00a9 photos : <\/em>FFPM<\/p>\n\n\n\n<p><\/p>\n","protected":false},"excerpt":{"rendered":"<p>Les Championnats de France seniors ont eu lieu les 6 et 7 d\u00e9cembre \u00e0 l\u2019INSEP. Le samedi 6, apr\u00e8s les<\/p>\n","protected":false},"author":7,"featured_media":4741,"comment_status":"closed","ping_status":"closed","sticky":false,"template":"","format":"standard","meta":{"colormag_page_container_layout":"default_layout","colormag_page_sidebar_layout":"default_layout","advgb_blocks_editor_width":"","advgb_blocks_columns_visual_guide":"","ngg_post_thumbnail":0,"footnotes":""},"categories":[9,24,23],"tags":[],"class_list":["post-4718","post","type-post","status-publish","format-standard","has-post-thumbnail","hentry","category-competitions","category-equipe-de-france","category-pole-france-releve-pentathlon-moderne-nouvelle-aquitaine"],"yoast_head":"<!-- This site is optimized with the Yoast SEO plugin v27.5 - https:\/\/yoast.com\/product\/yoast-seo-wordpress\/ -->\n<title>Championnats de France S\u00e9niors - CRPMNA<\/title>\n<meta name=\"description\" content=\"Coline Flavin devient championne de France en individuel et par \u00e9quipe avec Louison Cazaly et Anouck Toulemonde.\" \/>\n<meta name=\"robots\" content=\"index, follow, max-snippet:-1, max-image-preview:large, max-video-preview:-1\" \/>\n<link rel=\"canonical\" href=\"https:\/\/www.crpmna.fr\/index.php\/2025\/12\/09\/championnats-de-france-seniors\/\" \/>\n<meta property=\"og:locale\" content=\"fr_FR\" \/>\n<meta property=\"og:type\" content=\"article\" \/>\n<meta property=\"og:title\" content=\"Championnats de France S\u00e9niors - CRPMNA\" \/>\n<meta property=\"og:description\" content=\"Coline Flavin devient championne de France en individuel et par \u00e9quipe avec Louison Cazaly et Anouck Toulemonde.\" \/>\n<meta property=\"og:url\" content=\"https:\/\/www.crpmna.fr\/index.php\/2025\/12\/09\/championnats-de-france-seniors\/\" \/>\n<meta property=\"og:site_name\" content=\"CRPMNA\" \/>\n<meta property=\"article:publisher\" content=\"https:\/\/www.facebook.com\/crpmna.fr\" \/>\n<meta property=\"article:published_time\" content=\"2025-12-09T09:05:21+00:00\" \/>\n<meta property=\"article:modified_time\" content=\"2025-12-09T10:56:20+00:00\" \/>\n<meta property=\"og:image\" content=\"https:\/\/www.crpmna.fr\/wp-content\/uploads\/2025\/12\/IMG_0116-1152x1536-1-edited-e1765270866674.jpeg\" \/>\n\t<meta property=\"og:image:width\" content=\"1152\" \/>\n\t<meta property=\"og:image:height\" content=\"495\" \/>\n\t<meta property=\"og:image:type\" content=\"image\/jpeg\" \/>\n<meta name=\"author\" content=\"Lisa ASQUOET\" \/>\n<meta name=\"twitter:card\" content=\"summary_large_image\" \/>\n<meta name=\"twitter:label1\" content=\"\u00c9crit par\" \/>\n\t<meta name=\"twitter:data1\" content=\"Lisa ASQUOET\" \/>\n\t<meta name=\"twitter:label2\" content=\"Dur\u00e9e de lecture estim\u00e9e\" \/>\n\t<meta name=\"twitter:data2\" content=\"5 minutes\" \/>\n<script type=\"application\/ld+json\" class=\"yoast-schema-graph\">{\"@context\":\"https:\\\/\\\/schema.org\",\"@graph\":[{\"@type\":\"Article\",\"@id\":\"https:\\\/\\\/www.crpmna.fr\\\/index.php\\\/2025\\\/12\\\/09\\\/championnats-de-france-seniors\\\/#article\",\"isPartOf\":{\"@id\":\"https:\\\/\\\/www.crpmna.fr\\\/index.php\\\/2025\\\/12\\\/09\\\/championnats-de-france-seniors\\\/\"},\"author\":{\"name\":\"Lisa ASQUOET\",\"@id\":\"https:\\\/\\\/www.crpmna.fr\\\/#\\\/schema\\\/person\\\/b3fc933d145bb46a51b572aebe3de5fb\"},\"headline\":\"Championnats de France S\u00e9niors\",\"datePublished\":\"2025-12-09T09:05:21+00:00\",\"dateModified\":\"2025-12-09T10:56:20+00:00\",\"mainEntityOfPage\":{\"@id\":\"https:\\\/\\\/www.crpmna.fr\\\/index.php\\\/2025\\\/12\\\/09\\\/championnats-de-france-seniors\\\/\"},\"wordCount\":340,\"publisher\":{\"@id\":\"https:\\\/\\\/www.crpmna.fr\\\/#organization\"},\"image\":{\"@id\":\"https:\\\/\\\/www.crpmna.fr\\\/index.php\\\/2025\\\/12\\\/09\\\/championnats-de-france-seniors\\\/#primaryimage\"},\"thumbnailUrl\":\"https:\\\/\\\/www.crpmna.fr\\\/wp-content\\\/uploads\\\/2025\\\/12\\\/IMG_0116-1152x1536-1-edited-e1765270866674.jpeg\",\"articleSection\":[\"Comp\u00e9titions\",\"\u00c9quipe de France\",\"P\u00f4le France Rel\u00e8ve Pentathlon Moderne Nouvelle-Aquitaine\"],\"inLanguage\":\"fr-FR\"},{\"@type\":\"WebPage\",\"@id\":\"https:\\\/\\\/www.crpmna.fr\\\/index.php\\\/2025\\\/12\\\/09\\\/championnats-de-france-seniors\\\/\",\"url\":\"https:\\\/\\\/www.crpmna.fr\\\/index.php\\\/2025\\\/12\\\/09\\\/championnats-de-france-seniors\\\/\",\"name\":\"Championnats de France S\u00e9niors - CRPMNA\",\"isPartOf\":{\"@id\":\"https:\\\/\\\/www.crpmna.fr\\\/#website\"},\"primaryImageOfPage\":{\"@id\":\"https:\\\/\\\/www.crpmna.fr\\\/index.php\\\/2025\\\/12\\\/09\\\/championnats-de-france-seniors\\\/#primaryimage\"},\"image\":{\"@id\":\"https:\\\/\\\/www.crpmna.fr\\\/index.php\\\/2025\\\/12\\\/09\\\/championnats-de-france-seniors\\\/#primaryimage\"},\"thumbnailUrl\":\"https:\\\/\\\/www.crpmna.fr\\\/wp-content\\\/uploads\\\/2025\\\/12\\\/IMG_0116-1152x1536-1-edited-e1765270866674.jpeg\",\"datePublished\":\"2025-12-09T09:05:21+00:00\",\"dateModified\":\"2025-12-09T10:56:20+00:00\",\"description\":\"Coline Flavin devient championne de France en individuel et par \u00e9quipe avec Louison Cazaly et Anouck Toulemonde.\",\"breadcrumb\":{\"@id\":\"https:\\\/\\\/www.crpmna.fr\\\/index.php\\\/2025\\\/12\\\/09\\\/championnats-de-france-seniors\\\/#breadcrumb\"},\"inLanguage\":\"fr-FR\",\"potentialAction\":[{\"@type\":\"ReadAction\",\"target\":[\"https:\\\/\\\/www.crpmna.fr\\\/index.php\\\/2025\\\/12\\\/09\\\/championnats-de-france-seniors\\\/\"]}]},{\"@type\":\"ImageObject\",\"inLanguage\":\"fr-FR\",\"@id\":\"https:\\\/\\\/www.crpmna.fr\\\/index.php\\\/2025\\\/12\\\/09\\\/championnats-de-france-seniors\\\/#primaryimage\",\"url\":\"https:\\\/\\\/www.crpmna.fr\\\/wp-content\\\/uploads\\\/2025\\\/12\\\/IMG_0116-1152x1536-1-edited-e1765270866674.jpeg\",\"contentUrl\":\"https:\\\/\\\/www.crpmna.fr\\\/wp-content\\\/uploads\\\/2025\\\/12\\\/IMG_0116-1152x1536-1-edited-e1765270866674.jpeg\",\"width\":1152,\"height\":495},{\"@type\":\"BreadcrumbList\",\"@id\":\"https:\\\/\\\/www.crpmna.fr\\\/index.php\\\/2025\\\/12\\\/09\\\/championnats-de-france-seniors\\\/#breadcrumb\",\"itemListElement\":[{\"@type\":\"ListItem\",\"position\":1,\"name\":\"Home\",\"item\":\"https:\\\/\\\/www.crpmna.fr\\\/\"},{\"@type\":\"ListItem\",\"position\":2,\"name\":\"Championnats de France S\u00e9niors\"}]},{\"@type\":\"WebSite\",\"@id\":\"https:\\\/\\\/www.crpmna.fr\\\/#website\",\"url\":\"https:\\\/\\\/www.crpmna.fr\\\/\",\"name\":\"CRPMNA\",\"description\":\"Organiser et d\u00e9velopper la pratique du pentathlon moderne en Nouvelle Aquitaine\",\"publisher\":{\"@id\":\"https:\\\/\\\/www.crpmna.fr\\\/#organization\"},\"alternateName\":\"Comit\u00e9 R\u00e9gional de Pentathlon Moderne de Nouvelle-Aquitaine\",\"potentialAction\":[{\"@type\":\"SearchAction\",\"target\":{\"@type\":\"EntryPoint\",\"urlTemplate\":\"https:\\\/\\\/www.crpmna.fr\\\/?s={search_term_string}\"},\"query-input\":{\"@type\":\"PropertyValueSpecification\",\"valueRequired\":true,\"valueName\":\"search_term_string\"}}],\"inLanguage\":\"fr-FR\"},{\"@type\":\"Organization\",\"@id\":\"https:\\\/\\\/www.crpmna.fr\\\/#organization\",\"name\":\"CRPMNA\",\"alternateName\":\"Comit\u00e9 R\u00e9gional de Pentathlon Moderne de Nouvelle-Aquitaine\",\"url\":\"https:\\\/\\\/www.crpmna.fr\\\/\",\"logo\":{\"@type\":\"ImageObject\",\"inLanguage\":\"fr-FR\",\"@id\":\"https:\\\/\\\/www.crpmna.fr\\\/#\\\/schema\\\/logo\\\/image\\\/\",\"url\":\"https:\\\/\\\/www.crpmna.fr\\\/wp-content\\\/uploads\\\/2023\\\/10\\\/Logo-CRPMNA-noir-sans-fond.png\",\"contentUrl\":\"https:\\\/\\\/www.crpmna.fr\\\/wp-content\\\/uploads\\\/2023\\\/10\\\/Logo-CRPMNA-noir-sans-fond.png\",\"width\":2364,\"height\":2363,\"caption\":\"CRPMNA\"},\"image\":{\"@id\":\"https:\\\/\\\/www.crpmna.fr\\\/#\\\/schema\\\/logo\\\/image\\\/\"},\"sameAs\":[\"https:\\\/\\\/www.facebook.com\\\/crpmna.fr\",\"https:\\\/\\\/www.instagram.com\\\/crpmna\\\/\",\"https:\\\/\\\/www.youtube.com\\\/channel\\\/UCsnwnBbuM8lu46ibC6H2jEA\",\"https:\\\/\\\/www.linkedin.com\\\/company\\\/89200652\\\/admin\\\/\"]},{\"@type\":\"Person\",\"@id\":\"https:\\\/\\\/www.crpmna.fr\\\/#\\\/schema\\\/person\\\/b3fc933d145bb46a51b572aebe3de5fb\",\"name\":\"Lisa ASQUOET\",\"image\":{\"@type\":\"ImageObject\",\"inLanguage\":\"fr-FR\",\"@id\":\"https:\\\/\\\/secure.gravatar.com\\\/avatar\\\/9d9a776cc9779721f4b377fb9c88bd207820eeaf91bd727145ca82ccf271c261?s=96&d=mm&r=g\",\"url\":\"https:\\\/\\\/secure.gravatar.com\\\/avatar\\\/9d9a776cc9779721f4b377fb9c88bd207820eeaf91bd727145ca82ccf271c261?s=96&d=mm&r=g\",\"contentUrl\":\"https:\\\/\\\/secure.gravatar.com\\\/avatar\\\/9d9a776cc9779721f4b377fb9c88bd207820eeaf91bd727145ca82ccf271c261?s=96&d=mm&r=g\",\"caption\":\"Lisa ASQUOET\"},\"sameAs\":[\"http:\\\/\\\/www.crpmna.fr\"],\"url\":\"https:\\\/\\\/www.crpmna.fr\\\/index.php\\\/author\\\/charge-communication\\\/\"}]}<\/script>\n<!-- \/ Yoast SEO plugin. -->","yoast_head_json":{"title":"Championnats de France S\u00e9niors - CRPMNA","description":"Coline Flavin devient championne de France en individuel et par \u00e9quipe avec Louison Cazaly et Anouck Toulemonde.","robots":{"index":"index","follow":"follow","max-snippet":"max-snippet:-1","max-image-preview":"max-image-preview:large","max-video-preview":"max-video-preview:-1"},"canonical":"https:\/\/www.crpmna.fr\/index.php\/2025\/12\/09\/championnats-de-france-seniors\/","og_locale":"fr_FR","og_type":"article","og_title":"Championnats de France S\u00e9niors - CRPMNA","og_description":"Coline Flavin devient championne de France en individuel et par \u00e9quipe avec Louison Cazaly et Anouck Toulemonde.","og_url":"https:\/\/www.crpmna.fr\/index.php\/2025\/12\/09\/championnats-de-france-seniors\/","og_site_name":"CRPMNA","article_publisher":"https:\/\/www.facebook.com\/crpmna.fr","article_published_time":"2025-12-09T09:05:21+00:00","article_modified_time":"2025-12-09T10:56:20+00:00","og_image":[{"width":1152,"height":495,"url":"https:\/\/www.crpmna.fr\/wp-content\/uploads\/2025\/12\/IMG_0116-1152x1536-1-edited-e1765270866674.jpeg","type":"image\/jpeg"}],"author":"Lisa ASQUOET","twitter_card":"summary_large_image","twitter_misc":{"\u00c9crit par":"Lisa ASQUOET","Dur\u00e9e de lecture estim\u00e9e":"5 minutes"},"schema":{"@context":"https:\/\/schema.org","@graph":[{"@type":"Article","@id":"https:\/\/www.crpmna.fr\/index.php\/2025\/12\/09\/championnats-de-france-seniors\/#article","isPartOf":{"@id":"https:\/\/www.crpmna.fr\/index.php\/2025\/12\/09\/championnats-de-france-seniors\/"},"author":{"name":"Lisa ASQUOET","@id":"https:\/\/www.crpmna.fr\/#\/schema\/person\/b3fc933d145bb46a51b572aebe3de5fb"},"headline":"Championnats de France S\u00e9niors","datePublished":"2025-12-09T09:05:21+00:00","dateModified":"2025-12-09T10:56:20+00:00","mainEntityOfPage":{"@id":"https:\/\/www.crpmna.fr\/index.php\/2025\/12\/09\/championnats-de-france-seniors\/"},"wordCount":340,"publisher":{"@id":"https:\/\/www.crpmna.fr\/#organization"},"image":{"@id":"https:\/\/www.crpmna.fr\/index.php\/2025\/12\/09\/championnats-de-france-seniors\/#primaryimage"},"thumbnailUrl":"https:\/\/www.crpmna.fr\/wp-content\/uploads\/2025\/12\/IMG_0116-1152x1536-1-edited-e1765270866674.jpeg","articleSection":["Comp\u00e9titions","\u00c9quipe de France","P\u00f4le France Rel\u00e8ve Pentathlon Moderne Nouvelle-Aquitaine"],"inLanguage":"fr-FR"},{"@type":"WebPage","@id":"https:\/\/www.crpmna.fr\/index.php\/2025\/12\/09\/championnats-de-france-seniors\/","url":"https:\/\/www.crpmna.fr\/index.php\/2025\/12\/09\/championnats-de-france-seniors\/","name":"Championnats de France S\u00e9niors - CRPMNA","isPartOf":{"@id":"https:\/\/www.crpmna.fr\/#website"},"primaryImageOfPage":{"@id":"https:\/\/www.crpmna.fr\/index.php\/2025\/12\/09\/championnats-de-france-seniors\/#primaryimage"},"image":{"@id":"https:\/\/www.crpmna.fr\/index.php\/2025\/12\/09\/championnats-de-france-seniors\/#primaryimage"},"thumbnailUrl":"https:\/\/www.crpmna.fr\/wp-content\/uploads\/2025\/12\/IMG_0116-1152x1536-1-edited-e1765270866674.jpeg","datePublished":"2025-12-09T09:05:21+00:00","dateModified":"2025-12-09T10:56:20+00:00","description":"Coline Flavin devient championne de France en individuel et par \u00e9quipe avec Louison Cazaly et Anouck Toulemonde.","breadcrumb":{"@id":"https:\/\/www.crpmna.fr\/index.php\/2025\/12\/09\/championnats-de-france-seniors\/#breadcrumb"},"inLanguage":"fr-FR","potentialAction":[{"@type":"ReadAction","target":["https:\/\/www.crpmna.fr\/index.php\/2025\/12\/09\/championnats-de-france-seniors\/"]}]},{"@type":"ImageObject","inLanguage":"fr-FR","@id":"https:\/\/www.crpmna.fr\/index.php\/2025\/12\/09\/championnats-de-france-seniors\/#primaryimage","url":"https:\/\/www.crpmna.fr\/wp-content\/uploads\/2025\/12\/IMG_0116-1152x1536-1-edited-e1765270866674.jpeg","contentUrl":"https:\/\/www.crpmna.fr\/wp-content\/uploads\/2025\/12\/IMG_0116-1152x1536-1-edited-e1765270866674.jpeg","width":1152,"height":495},{"@type":"BreadcrumbList","@id":"https:\/\/www.crpmna.fr\/index.php\/2025\/12\/09\/championnats-de-france-seniors\/#breadcrumb","itemListElement":[{"@type":"ListItem","position":1,"name":"Home","item":"https:\/\/www.crpmna.fr\/"},{"@type":"ListItem","position":2,"name":"Championnats de France S\u00e9niors"}]},{"@type":"WebSite","@id":"https:\/\/www.crpmna.fr\/#website","url":"https:\/\/www.crpmna.fr\/","name":"CRPMNA","description":"Organiser et d\u00e9velopper la pratique du pentathlon moderne en Nouvelle Aquitaine","publisher":{"@id":"https:\/\/www.crpmna.fr\/#organization"},"alternateName":"Comit\u00e9 R\u00e9gional de Pentathlon Moderne de Nouvelle-Aquitaine","potentialAction":[{"@type":"SearchAction","target":{"@type":"EntryPoint","urlTemplate":"https:\/\/www.crpmna.fr\/?s={search_term_string}"},"query-input":{"@type":"PropertyValueSpecification","valueRequired":true,"valueName":"search_term_string"}}],"inLanguage":"fr-FR"},{"@type":"Organization","@id":"https:\/\/www.crpmna.fr\/#organization","name":"CRPMNA","alternateName":"Comit\u00e9 R\u00e9gional de Pentathlon Moderne de Nouvelle-Aquitaine","url":"https:\/\/www.crpmna.fr\/","logo":{"@type":"ImageObject","inLanguage":"fr-FR","@id":"https:\/\/www.crpmna.fr\/#\/schema\/logo\/image\/","url":"https:\/\/www.crpmna.fr\/wp-content\/uploads\/2023\/10\/Logo-CRPMNA-noir-sans-fond.png","contentUrl":"https:\/\/www.crpmna.fr\/wp-content\/uploads\/2023\/10\/Logo-CRPMNA-noir-sans-fond.png","width":2364,"height":2363,"caption":"CRPMNA"},"image":{"@id":"https:\/\/www.crpmna.fr\/#\/schema\/logo\/image\/"},"sameAs":["https:\/\/www.facebook.com\/crpmna.fr","https:\/\/www.instagram.com\/crpmna\/","https:\/\/www.youtube.com\/channel\/UCsnwnBbuM8lu46ibC6H2jEA","https:\/\/www.linkedin.com\/company\/89200652\/admin\/"]},{"@type":"Person","@id":"https:\/\/www.crpmna.fr\/#\/schema\/person\/b3fc933d145bb46a51b572aebe3de5fb","name":"Lisa ASQUOET","image":{"@type":"ImageObject","inLanguage":"fr-FR","@id":"https:\/\/secure.gravatar.com\/avatar\/9d9a776cc9779721f4b377fb9c88bd207820eeaf91bd727145ca82ccf271c261?s=96&d=mm&r=g","url":"https:\/\/secure.gravatar.com\/avatar\/9d9a776cc9779721f4b377fb9c88bd207820eeaf91bd727145ca82ccf271c261?s=96&d=mm&r=g","contentUrl":"https:\/\/secure.gravatar.com\/avatar\/9d9a776cc9779721f4b377fb9c88bd207820eeaf91bd727145ca82ccf271c261?s=96&d=mm&r=g","caption":"Lisa ASQUOET"},"sameAs":["http:\/\/www.crpmna.fr"],"url":"https:\/\/www.crpmna.fr\/index.php\/author\/charge-communication\/"}]}},"author_meta":{"display_name":"Lisa ASQUOET","author_link":"https:\/\/www.crpmna.fr\/index.php\/author\/charge-communication\/"},"featured_img":"https:\/\/www.crpmna.fr\/wp-content\/uploads\/2025\/12\/IMG_0116-1152x1536-1-edited-e1765270866674-300x129.jpeg","coauthors":[],"tax_additional":{"categories":{"linked":["<a href=\"https:\/\/www.crpmna.fr\/index.php\/category\/competitions\/\" class=\"advgb-post-tax-term\">Comp\u00e9titions<\/a>","<a href=\"https:\/\/www.crpmna.fr\/index.php\/category\/equipe-de-france\/\" class=\"advgb-post-tax-term\">\u00c9quipe de France<\/a>","<a href=\"https:\/\/www.crpmna.fr\/index.php\/category\/pole-france-releve-pentathlon-moderne-nouvelle-aquitaine\/\" class=\"advgb-post-tax-term\">P\u00f4le France Rel\u00e8ve Pentathlon Moderne Nouvelle-Aquitaine<\/a>"],"unlinked":["<span class=\"advgb-post-tax-term\">Comp\u00e9titions<\/span>","<span class=\"advgb-post-tax-term\">\u00c9quipe de France<\/span>","<span class=\"advgb-post-tax-term\">P\u00f4le France Rel\u00e8ve Pentathlon Moderne Nouvelle-Aquitaine<\/span>"]}},"comment_count":"0","relative_dates":{"created":"Publi\u00e9 5 mois il y a","modified":"Mis \u00e0 jour 5 mois il y a"},"absolute_dates":{"created":"Publi\u00e9 le 9 d\u00e9cembre 2025","modified":"Mise \u00e0 jour le 9 d\u00e9cembre 2025"},"absolute_dates_time":{"created":"Publi\u00e9 le 9 d\u00e9cembre 2025 10 h 05 min","modified":"Mise \u00e0 jour le 9 d\u00e9cembre 2025 11 h 56 min"},"featured_img_caption":"","series_order":"","_links":{"self":[{"href":"https:\/\/www.crpmna.fr\/index.php\/wp-json\/wp\/v2\/posts\/4718","targetHints":{"allow":["GET"]}}],"collection":[{"href":"https:\/\/www.crpmna.fr\/index.php\/wp-json\/wp\/v2\/posts"}],"about":[{"href":"https:\/\/www.crpmna.fr\/index.php\/wp-json\/wp\/v2\/types\/post"}],"author":[{"embeddable":true,"href":"https:\/\/www.crpmna.fr\/index.php\/wp-json\/wp\/v2\/users\/7"}],"replies":[{"embeddable":true,"href":"https:\/\/www.crpmna.fr\/index.php\/wp-json\/wp\/v2\/comments?post=4718"}],"version-history":[{"count":4,"href":"https:\/\/www.crpmna.fr\/index.php\/wp-json\/wp\/v2\/posts\/4718\/revisions"}],"predecessor-version":[{"id":4748,"href":"https:\/\/www.crpmna.fr\/index.php\/wp-json\/wp\/v2\/posts\/4718\/revisions\/4748"}],"wp:featuredmedia":[{"embeddable":true,"href":"https:\/\/www.crpmna.fr\/index.php\/wp-json\/wp\/v2\/media\/4741"}],"wp:attachment":[{"href":"https:\/\/www.crpmna.fr\/index.php\/wp-json\/wp\/v2\/media?parent=4718"}],"wp:term":[{"taxonomy":"category","embeddable":true,"href":"https:\/\/www.crpmna.fr\/index.php\/wp-json\/wp\/v2\/categories?post=4718"},{"taxonomy":"post_tag","embeddable":true,"href":"https:\/\/www.crpmna.fr\/index.php\/wp-json\/wp\/v2\/tags?post=4718"}],"curies":[{"name":"wp","href":"https:\/\/api.w.org\/{rel}","templated":true}]}}