{"id":5006,"date":"2026-03-17T16:19:22","date_gmt":"2026-03-17T15:19:22","guid":{"rendered":"https:\/\/www.crpmna.fr\/?p=5006"},"modified":"2026-03-27T16:16:34","modified_gmt":"2026-03-27T15:16:34","slug":"championnats-de-france-2026","status":"publish","type":"post","link":"https:\/\/www.crpmna.fr\/index.php\/2026\/03\/17\/championnats-de-france-2026\/","title":{"rendered":"Championnats de France 2026"},"content":{"rendered":"\n<p>Les championnats de France ont eu lieu le week-end du 14 et 15 mars \u00e0 l&rsquo;INSEP.<\/p>\n\n\n\n<p>Coline Flavin et&nbsp;Isabela Pondaven athl\u00e8tes du <a href=\"https:\/\/www.crpmna.fr\/index.php\/gironde-33\/\">P\u00f4le France de Bordeaux<\/a> et licenci\u00e9s du BEC \u00e9taient pr\u00e9sentes.<\/p>\n\n\n\n<p>Marin Desforges du club Aviron Bayonnais a particip\u00e9 pour la premi\u00e8re fois aux Championnats de France Senior de Pentathlon moderne !<\/p>\n\n\n\n<p>Bravo \u00e0 Coline pour sa magnifique premi\u00e8re place, ainsi qu&rsquo;\u00e0 Isabela qui termine 5 \u00e8me chez les femmes ! Bravo \u00e0 Marin qui finit 23 \u00e8me chez les hommes !<\/p>\n\n\n\n<p>F\u00e9licitations \u00e0 tous pour leurs r\u00e9sultats !<\/p>\n\n\n\n<p><\/p>\n\n\n\n<div class=\"wp-block-columns is-layout-flex wp-container-core-columns-is-layout-28f84493 wp-block-columns-is-layout-flex\">\n<div class=\"wp-block-column is-layout-flow wp-block-column-is-layout-flow\">\n<figure class=\"wp-block-image aligncenter size-large\"><img decoding=\"async\" src=\"https:\/\/www.crpmna.fr\/wp-content\/uploads\/2026\/03\/podium-femme-e1773671117704-edited.jpg\" alt=\"\" class=\"wp-image-5010\"\/><\/figure>\n<\/div>\n\n\n\n<div class=\"wp-block-column is-layout-flow wp-block-column-is-layout-flow\">\n<figure class=\"wp-block-image aligncenter size-large is-resized\"><img decoding=\"async\" width=\"1066\" height=\"1066\" src=\"https:\/\/www.crpmna.fr\/wp-content\/uploads\/2026\/03\/podium-gomme-e1773671159789-edited.jpg\" alt=\"\" class=\"wp-image-5009\" style=\"width:391px;height:auto\" srcset=\"https:\/\/www.crpmna.fr\/wp-content\/uploads\/2026\/03\/podium-gomme-e1773671159789-edited.jpg 1066w, https:\/\/www.crpmna.fr\/wp-content\/uploads\/2026\/03\/podium-gomme-e1773671159789-edited-300x300.jpg 300w, https:\/\/www.crpmna.fr\/wp-content\/uploads\/2026\/03\/podium-gomme-e1773671159789-edited-1024x1024.jpg 1024w, https:\/\/www.crpmna.fr\/wp-content\/uploads\/2026\/03\/podium-gomme-e1773671159789-edited-150x150.jpg 150w, https:\/\/www.crpmna.fr\/wp-content\/uploads\/2026\/03\/podium-gomme-e1773671159789-edited-768x768.jpg 768w\" sizes=\"(max-width: 1066px) 100vw, 1066px\" \/><\/figure>\n<\/div>\n<\/div>\n\n\n\n<p class=\"has-text-align-center\"><em>Photos : Garden<\/em><\/p>\n\n\n\n<div style=\"height:18px\" aria-hidden=\"true\" class=\"wp-block-spacer\"><\/div>\n\n\n\n<div class=\"wp-block-columns is-layout-flex wp-container-core-columns-is-layout-28f84493 wp-block-columns-is-layout-flex\">\n<div class=\"wp-block-column is-layout-flow wp-block-column-is-layout-flow\">\n<p class=\"has-text-align-center\"><strong>Podium Femme<\/strong><\/p>\n\n\n\n<ul class=\"wp-block-list\">\n<li><strong>Championne de France : <\/strong>Coline FLAVIN (BEC)&nbsp;\u2013 1462 points<\/li>\n<\/ul>\n\n\n\n<ul class=\"wp-block-list\">\n<li><strong>Vice-championne : <\/strong>Mathilde DERVAL (VGA)&nbsp;    \u2013 1389 points<\/li>\n<\/ul>\n\n\n\n<ul class=\"wp-block-list\">\n<li><strong>Troisi\u00e8me place : <\/strong>Agathe CHASTAGNER (ASE)&nbsp;\u2013 1339 points<\/li>\n<\/ul>\n<\/div>\n\n\n\n<div class=\"wp-block-column is-layout-flow wp-block-column-is-layout-flow\">\n<p class=\"has-text-align-center\"><strong>U22 Hommes<\/strong><\/p>\n\n\n\n<ul class=\"wp-block-list\">\n<li><strong>Champion de France : <\/strong>Ugo FLEUROT (VGA)&nbsp;\u2013 1597 points&nbsp;<\/li>\n\n\n\n<li><strong>Vice-champion : <\/strong>Diego LAVILLAT (VGA)&nbsp;\u2013 1592 points&nbsp;<\/li>\n\n\n\n<li><strong>Troisi\u00e8me place : <\/strong>Mathis ROCHAT (RMA)&nbsp;\u2013 1588 points<\/li>\n<\/ul>\n<\/div>\n<\/div>\n\n\n\n<p class=\"has-text-align-left\">Tous les r\u00e9sultats des Championnats de France <strong><a href=\"https:\/\/ffpentathlon.fr\/wp-content\/uploads\/2025\/09\/Result-France-Senor-Mars-26.pdf\" type=\"link\" id=\"https:\/\/ffpentathlon.fr\/wp-content\/uploads\/2025\/09\/Result-France-Senor-Mars-26.pdf\">ici<\/a><\/strong>.<\/p>\n\n\n\n<p><\/p>\n","protected":false},"excerpt":{"rendered":"<p>Les championnats de France ont eu lieu le week-end du 14 et 15 mars \u00e0 l&rsquo;INSEP. Coline Flavin et&nbsp;Isabela Pondaven<\/p>\n","protected":false},"author":7,"featured_media":5010,"comment_status":"closed","ping_status":"closed","sticky":false,"template":"","format":"standard","meta":{"colormag_page_container_layout":"default_layout","colormag_page_sidebar_layout":"default_layout","advgb_blocks_editor_width":"","advgb_blocks_columns_visual_guide":"","ngg_post_thumbnail":0,"footnotes":""},"categories":[3,9,24,23],"tags":[],"class_list":["post-5006","post","type-post","status-publish","format-standard","has-post-thumbnail","hentry","category-club","category-competitions","category-equipe-de-france","category-pole-france-releve-pentathlon-moderne-nouvelle-aquitaine"],"yoast_head":"<!-- This site is optimized with the Yoast SEO plugin v27.5 - https:\/\/yoast.com\/product\/yoast-seo-wordpress\/ -->\n<title>Championnats de France 2026 - CRPMNA<\/title>\n<meta name=\"description\" content=\"Les championnats de France ont eu lieu le 14 et 15 mars \u00e0 l&#039;INSEP. Coline Flavin est championne de France et Isabela Pondaven finit 5i\u00e8me !\" \/>\n<meta name=\"robots\" content=\"index, follow, max-snippet:-1, max-image-preview:large, max-video-preview:-1\" \/>\n<link rel=\"canonical\" href=\"https:\/\/www.crpmna.fr\/index.php\/2026\/03\/17\/championnats-de-france-2026\/\" \/>\n<meta property=\"og:locale\" content=\"fr_FR\" \/>\n<meta property=\"og:type\" content=\"article\" \/>\n<meta property=\"og:title\" content=\"Championnats de France 2026 - CRPMNA\" \/>\n<meta property=\"og:description\" content=\"Les championnats de France ont eu lieu le 14 et 15 mars \u00e0 l&#039;INSEP. Coline Flavin est championne de France et Isabela Pondaven finit 5i\u00e8me !\" \/>\n<meta property=\"og:url\" content=\"https:\/\/www.crpmna.fr\/index.php\/2026\/03\/17\/championnats-de-france-2026\/\" \/>\n<meta property=\"og:site_name\" content=\"CRPMNA\" \/>\n<meta property=\"article:publisher\" content=\"https:\/\/www.facebook.com\/crpmna.fr\" \/>\n<meta property=\"article:published_time\" content=\"2026-03-17T15:19:22+00:00\" \/>\n<meta property=\"article:modified_time\" content=\"2026-03-27T15:16:34+00:00\" \/>\n<meta property=\"og:image\" content=\"https:\/\/www.crpmna.fr\/wp-content\/uploads\/2026\/03\/podium-femme-e1773671117704-edited-e1774281161399.jpg\" \/>\n\t<meta property=\"og:image:width\" content=\"1050\" \/>\n\t<meta property=\"og:image:height\" content=\"644\" \/>\n\t<meta property=\"og:image:type\" content=\"image\/jpeg\" \/>\n<meta name=\"author\" content=\"Lisa ASQUOET\" \/>\n<meta name=\"twitter:card\" content=\"summary_large_image\" \/>\n<meta name=\"twitter:label1\" content=\"\u00c9crit par\" \/>\n\t<meta name=\"twitter:data1\" content=\"Lisa ASQUOET\" \/>\n\t<meta name=\"twitter:label2\" content=\"Dur\u00e9e de lecture estim\u00e9e\" \/>\n\t<meta name=\"twitter:data2\" content=\"2 minutes\" \/>\n<script type=\"application\/ld+json\" class=\"yoast-schema-graph\">{\"@context\":\"https:\\\/\\\/schema.org\",\"@graph\":[{\"@type\":\"Article\",\"@id\":\"https:\\\/\\\/www.crpmna.fr\\\/index.php\\\/2026\\\/03\\\/17\\\/championnats-de-france-2026\\\/#article\",\"isPartOf\":{\"@id\":\"https:\\\/\\\/www.crpmna.fr\\\/index.php\\\/2026\\\/03\\\/17\\\/championnats-de-france-2026\\\/\"},\"author\":{\"name\":\"Lisa ASQUOET\",\"@id\":\"https:\\\/\\\/www.crpmna.fr\\\/#\\\/schema\\\/person\\\/b3fc933d145bb46a51b572aebe3de5fb\"},\"headline\":\"Championnats de France 2026\",\"datePublished\":\"2026-03-17T15:19:22+00:00\",\"dateModified\":\"2026-03-27T15:16:34+00:00\",\"mainEntityOfPage\":{\"@id\":\"https:\\\/\\\/www.crpmna.fr\\\/index.php\\\/2026\\\/03\\\/17\\\/championnats-de-france-2026\\\/\"},\"wordCount\":153,\"publisher\":{\"@id\":\"https:\\\/\\\/www.crpmna.fr\\\/#organization\"},\"image\":{\"@id\":\"https:\\\/\\\/www.crpmna.fr\\\/index.php\\\/2026\\\/03\\\/17\\\/championnats-de-france-2026\\\/#primaryimage\"},\"thumbnailUrl\":\"https:\\\/\\\/www.crpmna.fr\\\/wp-content\\\/uploads\\\/2026\\\/03\\\/podium-femme-e1773671117704-edited-e1774281161399.jpg\",\"articleSection\":[\"Club\",\"Comp\u00e9titions\",\"\u00c9quipe de France\",\"P\u00f4le France Rel\u00e8ve Pentathlon Moderne Nouvelle-Aquitaine\"],\"inLanguage\":\"fr-FR\"},{\"@type\":\"WebPage\",\"@id\":\"https:\\\/\\\/www.crpmna.fr\\\/index.php\\\/2026\\\/03\\\/17\\\/championnats-de-france-2026\\\/\",\"url\":\"https:\\\/\\\/www.crpmna.fr\\\/index.php\\\/2026\\\/03\\\/17\\\/championnats-de-france-2026\\\/\",\"name\":\"Championnats de France 2026 - CRPMNA\",\"isPartOf\":{\"@id\":\"https:\\\/\\\/www.crpmna.fr\\\/#website\"},\"primaryImageOfPage\":{\"@id\":\"https:\\\/\\\/www.crpmna.fr\\\/index.php\\\/2026\\\/03\\\/17\\\/championnats-de-france-2026\\\/#primaryimage\"},\"image\":{\"@id\":\"https:\\\/\\\/www.crpmna.fr\\\/index.php\\\/2026\\\/03\\\/17\\\/championnats-de-france-2026\\\/#primaryimage\"},\"thumbnailUrl\":\"https:\\\/\\\/www.crpmna.fr\\\/wp-content\\\/uploads\\\/2026\\\/03\\\/podium-femme-e1773671117704-edited-e1774281161399.jpg\",\"datePublished\":\"2026-03-17T15:19:22+00:00\",\"dateModified\":\"2026-03-27T15:16:34+00:00\",\"description\":\"Les championnats de France ont eu lieu le 14 et 15 mars \u00e0 l'INSEP. Coline Flavin est championne de France et Isabela Pondaven finit 5i\u00e8me !\",\"breadcrumb\":{\"@id\":\"https:\\\/\\\/www.crpmna.fr\\\/index.php\\\/2026\\\/03\\\/17\\\/championnats-de-france-2026\\\/#breadcrumb\"},\"inLanguage\":\"fr-FR\",\"potentialAction\":[{\"@type\":\"ReadAction\",\"target\":[\"https:\\\/\\\/www.crpmna.fr\\\/index.php\\\/2026\\\/03\\\/17\\\/championnats-de-france-2026\\\/\"]}]},{\"@type\":\"ImageObject\",\"inLanguage\":\"fr-FR\",\"@id\":\"https:\\\/\\\/www.crpmna.fr\\\/index.php\\\/2026\\\/03\\\/17\\\/championnats-de-france-2026\\\/#primaryimage\",\"url\":\"https:\\\/\\\/www.crpmna.fr\\\/wp-content\\\/uploads\\\/2026\\\/03\\\/podium-femme-e1773671117704-edited-e1774281161399.jpg\",\"contentUrl\":\"https:\\\/\\\/www.crpmna.fr\\\/wp-content\\\/uploads\\\/2026\\\/03\\\/podium-femme-e1773671117704-edited-e1774281161399.jpg\",\"width\":1050,\"height\":644},{\"@type\":\"BreadcrumbList\",\"@id\":\"https:\\\/\\\/www.crpmna.fr\\\/index.php\\\/2026\\\/03\\\/17\\\/championnats-de-france-2026\\\/#breadcrumb\",\"itemListElement\":[{\"@type\":\"ListItem\",\"position\":1,\"name\":\"Home\",\"item\":\"https:\\\/\\\/www.crpmna.fr\\\/\"},{\"@type\":\"ListItem\",\"position\":2,\"name\":\"Championnats de France 2026\"}]},{\"@type\":\"WebSite\",\"@id\":\"https:\\\/\\\/www.crpmna.fr\\\/#website\",\"url\":\"https:\\\/\\\/www.crpmna.fr\\\/\",\"name\":\"CRPMNA\",\"description\":\"Organiser et d\u00e9velopper la pratique du pentathlon moderne en Nouvelle Aquitaine\",\"publisher\":{\"@id\":\"https:\\\/\\\/www.crpmna.fr\\\/#organization\"},\"alternateName\":\"Comit\u00e9 R\u00e9gional de Pentathlon Moderne de Nouvelle-Aquitaine\",\"potentialAction\":[{\"@type\":\"SearchAction\",\"target\":{\"@type\":\"EntryPoint\",\"urlTemplate\":\"https:\\\/\\\/www.crpmna.fr\\\/?s={search_term_string}\"},\"query-input\":{\"@type\":\"PropertyValueSpecification\",\"valueRequired\":true,\"valueName\":\"search_term_string\"}}],\"inLanguage\":\"fr-FR\"},{\"@type\":\"Organization\",\"@id\":\"https:\\\/\\\/www.crpmna.fr\\\/#organization\",\"name\":\"CRPMNA\",\"alternateName\":\"Comit\u00e9 R\u00e9gional de Pentathlon Moderne de Nouvelle-Aquitaine\",\"url\":\"https:\\\/\\\/www.crpmna.fr\\\/\",\"logo\":{\"@type\":\"ImageObject\",\"inLanguage\":\"fr-FR\",\"@id\":\"https:\\\/\\\/www.crpmna.fr\\\/#\\\/schema\\\/logo\\\/image\\\/\",\"url\":\"https:\\\/\\\/www.crpmna.fr\\\/wp-content\\\/uploads\\\/2023\\\/10\\\/Logo-CRPMNA-noir-sans-fond.png\",\"contentUrl\":\"https:\\\/\\\/www.crpmna.fr\\\/wp-content\\\/uploads\\\/2023\\\/10\\\/Logo-CRPMNA-noir-sans-fond.png\",\"width\":2364,\"height\":2363,\"caption\":\"CRPMNA\"},\"image\":{\"@id\":\"https:\\\/\\\/www.crpmna.fr\\\/#\\\/schema\\\/logo\\\/image\\\/\"},\"sameAs\":[\"https:\\\/\\\/www.facebook.com\\\/crpmna.fr\",\"https:\\\/\\\/www.instagram.com\\\/crpmna\\\/\",\"https:\\\/\\\/www.youtube.com\\\/channel\\\/UCsnwnBbuM8lu46ibC6H2jEA\",\"https:\\\/\\\/www.linkedin.com\\\/company\\\/89200652\\\/admin\\\/\"]},{\"@type\":\"Person\",\"@id\":\"https:\\\/\\\/www.crpmna.fr\\\/#\\\/schema\\\/person\\\/b3fc933d145bb46a51b572aebe3de5fb\",\"name\":\"Lisa ASQUOET\",\"image\":{\"@type\":\"ImageObject\",\"inLanguage\":\"fr-FR\",\"@id\":\"https:\\\/\\\/secure.gravatar.com\\\/avatar\\\/9d9a776cc9779721f4b377fb9c88bd207820eeaf91bd727145ca82ccf271c261?s=96&d=mm&r=g\",\"url\":\"https:\\\/\\\/secure.gravatar.com\\\/avatar\\\/9d9a776cc9779721f4b377fb9c88bd207820eeaf91bd727145ca82ccf271c261?s=96&d=mm&r=g\",\"contentUrl\":\"https:\\\/\\\/secure.gravatar.com\\\/avatar\\\/9d9a776cc9779721f4b377fb9c88bd207820eeaf91bd727145ca82ccf271c261?s=96&d=mm&r=g\",\"caption\":\"Lisa ASQUOET\"},\"sameAs\":[\"http:\\\/\\\/www.crpmna.fr\"],\"url\":\"https:\\\/\\\/www.crpmna.fr\\\/index.php\\\/author\\\/charge-communication\\\/\"}]}<\/script>\n<!-- \/ Yoast SEO plugin. -->","yoast_head_json":{"title":"Championnats de France 2026 - CRPMNA","description":"Les championnats de France ont eu lieu le 14 et 15 mars \u00e0 l'INSEP. Coline Flavin est championne de France et Isabela Pondaven finit 5i\u00e8me !","robots":{"index":"index","follow":"follow","max-snippet":"max-snippet:-1","max-image-preview":"max-image-preview:large","max-video-preview":"max-video-preview:-1"},"canonical":"https:\/\/www.crpmna.fr\/index.php\/2026\/03\/17\/championnats-de-france-2026\/","og_locale":"fr_FR","og_type":"article","og_title":"Championnats de France 2026 - CRPMNA","og_description":"Les championnats de France ont eu lieu le 14 et 15 mars \u00e0 l'INSEP. Coline Flavin est championne de France et Isabela Pondaven finit 5i\u00e8me !","og_url":"https:\/\/www.crpmna.fr\/index.php\/2026\/03\/17\/championnats-de-france-2026\/","og_site_name":"CRPMNA","article_publisher":"https:\/\/www.facebook.com\/crpmna.fr","article_published_time":"2026-03-17T15:19:22+00:00","article_modified_time":"2026-03-27T15:16:34+00:00","og_image":[{"width":1050,"height":644,"url":"https:\/\/www.crpmna.fr\/wp-content\/uploads\/2026\/03\/podium-femme-e1773671117704-edited-e1774281161399.jpg","type":"image\/jpeg"}],"author":"Lisa ASQUOET","twitter_card":"summary_large_image","twitter_misc":{"\u00c9crit par":"Lisa ASQUOET","Dur\u00e9e de lecture estim\u00e9e":"2 minutes"},"schema":{"@context":"https:\/\/schema.org","@graph":[{"@type":"Article","@id":"https:\/\/www.crpmna.fr\/index.php\/2026\/03\/17\/championnats-de-france-2026\/#article","isPartOf":{"@id":"https:\/\/www.crpmna.fr\/index.php\/2026\/03\/17\/championnats-de-france-2026\/"},"author":{"name":"Lisa ASQUOET","@id":"https:\/\/www.crpmna.fr\/#\/schema\/person\/b3fc933d145bb46a51b572aebe3de5fb"},"headline":"Championnats de France 2026","datePublished":"2026-03-17T15:19:22+00:00","dateModified":"2026-03-27T15:16:34+00:00","mainEntityOfPage":{"@id":"https:\/\/www.crpmna.fr\/index.php\/2026\/03\/17\/championnats-de-france-2026\/"},"wordCount":153,"publisher":{"@id":"https:\/\/www.crpmna.fr\/#organization"},"image":{"@id":"https:\/\/www.crpmna.fr\/index.php\/2026\/03\/17\/championnats-de-france-2026\/#primaryimage"},"thumbnailUrl":"https:\/\/www.crpmna.fr\/wp-content\/uploads\/2026\/03\/podium-femme-e1773671117704-edited-e1774281161399.jpg","articleSection":["Club","Comp\u00e9titions","\u00c9quipe de France","P\u00f4le France Rel\u00e8ve Pentathlon Moderne Nouvelle-Aquitaine"],"inLanguage":"fr-FR"},{"@type":"WebPage","@id":"https:\/\/www.crpmna.fr\/index.php\/2026\/03\/17\/championnats-de-france-2026\/","url":"https:\/\/www.crpmna.fr\/index.php\/2026\/03\/17\/championnats-de-france-2026\/","name":"Championnats de France 2026 - CRPMNA","isPartOf":{"@id":"https:\/\/www.crpmna.fr\/#website"},"primaryImageOfPage":{"@id":"https:\/\/www.crpmna.fr\/index.php\/2026\/03\/17\/championnats-de-france-2026\/#primaryimage"},"image":{"@id":"https:\/\/www.crpmna.fr\/index.php\/2026\/03\/17\/championnats-de-france-2026\/#primaryimage"},"thumbnailUrl":"https:\/\/www.crpmna.fr\/wp-content\/uploads\/2026\/03\/podium-femme-e1773671117704-edited-e1774281161399.jpg","datePublished":"2026-03-17T15:19:22+00:00","dateModified":"2026-03-27T15:16:34+00:00","description":"Les championnats de France ont eu lieu le 14 et 15 mars \u00e0 l'INSEP. Coline Flavin est championne de France et Isabela Pondaven finit 5i\u00e8me !","breadcrumb":{"@id":"https:\/\/www.crpmna.fr\/index.php\/2026\/03\/17\/championnats-de-france-2026\/#breadcrumb"},"inLanguage":"fr-FR","potentialAction":[{"@type":"ReadAction","target":["https:\/\/www.crpmna.fr\/index.php\/2026\/03\/17\/championnats-de-france-2026\/"]}]},{"@type":"ImageObject","inLanguage":"fr-FR","@id":"https:\/\/www.crpmna.fr\/index.php\/2026\/03\/17\/championnats-de-france-2026\/#primaryimage","url":"https:\/\/www.crpmna.fr\/wp-content\/uploads\/2026\/03\/podium-femme-e1773671117704-edited-e1774281161399.jpg","contentUrl":"https:\/\/www.crpmna.fr\/wp-content\/uploads\/2026\/03\/podium-femme-e1773671117704-edited-e1774281161399.jpg","width":1050,"height":644},{"@type":"BreadcrumbList","@id":"https:\/\/www.crpmna.fr\/index.php\/2026\/03\/17\/championnats-de-france-2026\/#breadcrumb","itemListElement":[{"@type":"ListItem","position":1,"name":"Home","item":"https:\/\/www.crpmna.fr\/"},{"@type":"ListItem","position":2,"name":"Championnats de France 2026"}]},{"@type":"WebSite","@id":"https:\/\/www.crpmna.fr\/#website","url":"https:\/\/www.crpmna.fr\/","name":"CRPMNA","description":"Organiser et d\u00e9velopper la pratique du pentathlon moderne en Nouvelle Aquitaine","publisher":{"@id":"https:\/\/www.crpmna.fr\/#organization"},"alternateName":"Comit\u00e9 R\u00e9gional de Pentathlon Moderne de Nouvelle-Aquitaine","potentialAction":[{"@type":"SearchAction","target":{"@type":"EntryPoint","urlTemplate":"https:\/\/www.crpmna.fr\/?s={search_term_string}"},"query-input":{"@type":"PropertyValueSpecification","valueRequired":true,"valueName":"search_term_string"}}],"inLanguage":"fr-FR"},{"@type":"Organization","@id":"https:\/\/www.crpmna.fr\/#organization","name":"CRPMNA","alternateName":"Comit\u00e9 R\u00e9gional de Pentathlon Moderne de Nouvelle-Aquitaine","url":"https:\/\/www.crpmna.fr\/","logo":{"@type":"ImageObject","inLanguage":"fr-FR","@id":"https:\/\/www.crpmna.fr\/#\/schema\/logo\/image\/","url":"https:\/\/www.crpmna.fr\/wp-content\/uploads\/2023\/10\/Logo-CRPMNA-noir-sans-fond.png","contentUrl":"https:\/\/www.crpmna.fr\/wp-content\/uploads\/2023\/10\/Logo-CRPMNA-noir-sans-fond.png","width":2364,"height":2363,"caption":"CRPMNA"},"image":{"@id":"https:\/\/www.crpmna.fr\/#\/schema\/logo\/image\/"},"sameAs":["https:\/\/www.facebook.com\/crpmna.fr","https:\/\/www.instagram.com\/crpmna\/","https:\/\/www.youtube.com\/channel\/UCsnwnBbuM8lu46ibC6H2jEA","https:\/\/www.linkedin.com\/company\/89200652\/admin\/"]},{"@type":"Person","@id":"https:\/\/www.crpmna.fr\/#\/schema\/person\/b3fc933d145bb46a51b572aebe3de5fb","name":"Lisa ASQUOET","image":{"@type":"ImageObject","inLanguage":"fr-FR","@id":"https:\/\/secure.gravatar.com\/avatar\/9d9a776cc9779721f4b377fb9c88bd207820eeaf91bd727145ca82ccf271c261?s=96&d=mm&r=g","url":"https:\/\/secure.gravatar.com\/avatar\/9d9a776cc9779721f4b377fb9c88bd207820eeaf91bd727145ca82ccf271c261?s=96&d=mm&r=g","contentUrl":"https:\/\/secure.gravatar.com\/avatar\/9d9a776cc9779721f4b377fb9c88bd207820eeaf91bd727145ca82ccf271c261?s=96&d=mm&r=g","caption":"Lisa ASQUOET"},"sameAs":["http:\/\/www.crpmna.fr"],"url":"https:\/\/www.crpmna.fr\/index.php\/author\/charge-communication\/"}]}},"author_meta":{"display_name":"Lisa ASQUOET","author_link":"https:\/\/www.crpmna.fr\/index.php\/author\/charge-communication\/"},"featured_img":"https:\/\/www.crpmna.fr\/wp-content\/uploads\/2026\/03\/podium-femme-e1773671117704-edited-e1774281161399-300x184.jpg","coauthors":[],"tax_additional":{"categories":{"linked":["<a href=\"https:\/\/www.crpmna.fr\/index.php\/category\/club\/\" class=\"advgb-post-tax-term\">Club<\/a>","<a href=\"https:\/\/www.crpmna.fr\/index.php\/category\/competitions\/\" class=\"advgb-post-tax-term\">Comp\u00e9titions<\/a>","<a href=\"https:\/\/www.crpmna.fr\/index.php\/category\/equipe-de-france\/\" class=\"advgb-post-tax-term\">\u00c9quipe de France<\/a>","<a href=\"https:\/\/www.crpmna.fr\/index.php\/category\/pole-france-releve-pentathlon-moderne-nouvelle-aquitaine\/\" class=\"advgb-post-tax-term\">P\u00f4le France Rel\u00e8ve Pentathlon Moderne Nouvelle-Aquitaine<\/a>"],"unlinked":["<span class=\"advgb-post-tax-term\">Club<\/span>","<span class=\"advgb-post-tax-term\">Comp\u00e9titions<\/span>","<span class=\"advgb-post-tax-term\">\u00c9quipe de France<\/span>","<span class=\"advgb-post-tax-term\">P\u00f4le France Rel\u00e8ve Pentathlon Moderne Nouvelle-Aquitaine<\/span>"]}},"comment_count":"0","relative_dates":{"created":"Publi\u00e9 2 mois il y a","modified":"Mis \u00e0 jour 1 mois il y a"},"absolute_dates":{"created":"Publi\u00e9 le 17 mars 2026","modified":"Mise \u00e0 jour le 27 mars 2026"},"absolute_dates_time":{"created":"Publi\u00e9 le 17 mars 2026 16 h 19 min","modified":"Mise \u00e0 jour le 27 mars 2026 16 h 16 min"},"featured_img_caption":"","series_order":"","_links":{"self":[{"href":"https:\/\/www.crpmna.fr\/index.php\/wp-json\/wp\/v2\/posts\/5006","targetHints":{"allow":["GET"]}}],"collection":[{"href":"https:\/\/www.crpmna.fr\/index.php\/wp-json\/wp\/v2\/posts"}],"about":[{"href":"https:\/\/www.crpmna.fr\/index.php\/wp-json\/wp\/v2\/types\/post"}],"author":[{"embeddable":true,"href":"https:\/\/www.crpmna.fr\/index.php\/wp-json\/wp\/v2\/users\/7"}],"replies":[{"embeddable":true,"href":"https:\/\/www.crpmna.fr\/index.php\/wp-json\/wp\/v2\/comments?post=5006"}],"version-history":[{"count":2,"href":"https:\/\/www.crpmna.fr\/index.php\/wp-json\/wp\/v2\/posts\/5006\/revisions"}],"predecessor-version":[{"id":5055,"href":"https:\/\/www.crpmna.fr\/index.php\/wp-json\/wp\/v2\/posts\/5006\/revisions\/5055"}],"wp:featuredmedia":[{"embeddable":true,"href":"https:\/\/www.crpmna.fr\/index.php\/wp-json\/wp\/v2\/media\/5010"}],"wp:attachment":[{"href":"https:\/\/www.crpmna.fr\/index.php\/wp-json\/wp\/v2\/media?parent=5006"}],"wp:term":[{"taxonomy":"category","embeddable":true,"href":"https:\/\/www.crpmna.fr\/index.php\/wp-json\/wp\/v2\/categories?post=5006"},{"taxonomy":"post_tag","embeddable":true,"href":"https:\/\/www.crpmna.fr\/index.php\/wp-json\/wp\/v2\/tags?post=5006"}],"curies":[{"name":"wp","href":"https:\/\/api.w.org\/{rel}","templated":true}]}}